{"id":2706,"date":"2024-12-03T11:20:10","date_gmt":"2024-12-03T14:20:10","guid":{"rendered":"https:\/\/calleangosta.com\/ca\/?p=2706"},"modified":"2024-12-03T11:20:10","modified_gmt":"2024-12-03T14:20:10","slug":"la-anses-no-atiende-al-publico-por-el-dia-del-trabajador-previsional","status":"publish","type":"post","link":"https:\/\/calleangosta.com\/ca\/la-anses-no-atiende-al-publico-por-el-dia-del-trabajador-previsional\/","title":{"rendered":"La Anses no atiende al p\u00fablico por el D\u00efa del Trabajador Previsional"},"content":{"rendered":"<p>Las oficinas de la Administraci\u00f3n Nacional de la Seguridad Social (Anses) no atender\u00e1n hoy al p\u00fablico por el la celebraci\u00f3n del D\u00eda de los Trabajadores Previsionales.<\/p>\n<p><!--more--><\/p>\n<p>A partir de ma\u00f1ana, la atenci\u00f3n al p\u00fablico ser\u00e1 retomada con normalidad.<\/p>\n<p>El 28 de octubre de 2009 se sancion\u00f3 la Ley 26.533, que declara al 27 de noviembre como el D\u00eda del Trabajador Previsional Argentino, en conmemoraci\u00f3n a la creaci\u00f3n de la Secretar\u00eda de Trabajo y Previsi\u00f3n de la Naci\u00f3n en 1943.<\/p>\n","protected":false},"excerpt":{"rendered":"<p>Las oficinas de la Administraci\u00f3n Nacional de la Seguridad Social (Anses) no atender\u00e1n hoy al p\u00fablico por el la celebraci\u00f3n del D\u00eda de los Trabajadores Previsionales. A partir de ma\u00f1ana, la atenci\u00f3n al p\u00fablico ser\u00e1 retomada con normalidad. El 28 de octubre de 2009 se sancion\u00f3 la Ley 26.533, que declara al 27 de noviembre &hellip;<\/p>\n","protected":false},"author":2,"featured_media":0,"comment_status":"open","ping_status":"open","sticky":false,"template":"","format":"standard","meta":{"advanced_seo_description":"","jetpack_seo_html_title":"","jetpack_seo_noindex":false,"_jetpack_memberships_contains_paid_content":false,"footnotes":"","jetpack_publicize_message":"","jetpack_publicize_feature_enabled":true,"jetpack_social_post_already_shared":false,"jetpack_social_options":{"image_generator_settings":{"template":"highway","default_image_id":0,"font":"","enabled":false},"version":2}},"categories":[6],"tags":[],"class_list":["post-2706","post","type-post","status-publish","format-standard","hentry","category-calle-angosta"],"jetpack_publicize_connections":[],"jetpack_featured_media_url":"","jetpack_sharing_enabled":true,"_links":{"self":[{"href":"https:\/\/calleangosta.com\/ca\/wp-json\/wp\/v2\/posts\/2706","targetHints":{"allow":["GET"]}}],"collection":[{"href":"https:\/\/calleangosta.com\/ca\/wp-json\/wp\/v2\/posts"}],"about":[{"href":"https:\/\/calleangosta.com\/ca\/wp-json\/wp\/v2\/types\/post"}],"author":[{"embeddable":true,"href":"https:\/\/calleangosta.com\/ca\/wp-json\/wp\/v2\/users\/2"}],"replies":[{"embeddable":true,"href":"https:\/\/calleangosta.com\/ca\/wp-json\/wp\/v2\/comments?post=2706"}],"version-history":[{"count":1,"href":"https:\/\/calleangosta.com\/ca\/wp-json\/wp\/v2\/posts\/2706\/revisions"}],"predecessor-version":[{"id":6760,"href":"https:\/\/calleangosta.com\/ca\/wp-json\/wp\/v2\/posts\/2706\/revisions\/6760"}],"wp:attachment":[{"href":"https:\/\/calleangosta.com\/ca\/wp-json\/wp\/v2\/media?parent=2706"}],"wp:term":[{"taxonomy":"category","embeddable":true,"href":"https:\/\/calleangosta.com\/ca\/wp-json\/wp\/v2\/categories?post=2706"},{"taxonomy":"post_tag","embeddable":true,"href":"https:\/\/calleangosta.com\/ca\/wp-json\/wp\/v2\/tags?post=2706"}],"curies":[{"name":"wp","href":"https:\/\/api.w.org\/{rel}","templated":true}]}}