{"id":2707,"date":"2024-12-03T11:20:08","date_gmt":"2024-12-03T14:20:08","guid":{"rendered":"https:\/\/calleangosta.com\/ca\/?p=2707"},"modified":"2024-12-03T11:20:08","modified_gmt":"2024-12-03T14:20:08","slug":"rotundo-debut-de-espanola-aitana-en-colombia-en-gira-latinoamericana-que-la-traera-a-la-argentina","status":"publish","type":"post","link":"https:\/\/calleangosta.com\/ca\/rotundo-debut-de-espanola-aitana-en-colombia-en-gira-latinoamericana-que-la-traera-a-la-argentina\/","title":{"rendered":"Rotundo debut de espa\u00f1ola Aitana en Colombia en gira latinoamericana que la traer\u00e1 a la Argentina"},"content":{"rendered":"<p>La cantante y compositora espa\u00f1ola Aitana Oca\u00f1a, una de las grandes estrellas del pop espa\u00f1ol, concret\u00f3 anoche su debut en Colombia, segunda parada del segmento latinoamericano de la gira de presentaci\u00f3n de su tercer disco \u201cAlpha\u201d que en diciembre la tendr\u00e1 cantando en Argentina.<\/p>\n<p><!--more--><\/p>\n<p>El estreno de la artista de 24 a\u00f1os en el pa\u00eds de su actual pareja, el tambi\u00e9n m\u00fasico Sebasti\u00e1n Yatra, se concret\u00f3 llenando el estadio Movistar Arena de la ciudad de Bogot\u00e1.<\/p>\n<p>El tour que el viernes pas\u00f3 por M\u00e9xico, seguir\u00e1 ma\u00f1ana en Lima (Per\u00fa), regresar\u00e1 fugazmente a Madrid para concretar su tercer recital en el Wizink Center y de nuevo por Sudam\u00e9rica, estar\u00e1 el 13 de diciembre en Santiago de Chile.<\/p>\n<p>El cierre del 2023 tendr\u00e1 cuatro conciertos: el 15 en la Plaza de la M\u00fasica de C\u00f3rdoba, el 16 arribar\u00e1 por primera vez a Rosario para actuar en el Anfiteatro Municipal Humberto de Nito, el lunes 18 en el Movistar Arena de Buenos Aires y el 20 en Montevideo.<\/p>\n<p>La artista que en noviembre pasado debut\u00f3 en directo en el pa\u00eds llenando dos veces el porte\u00f1o Teatro Gran Rex y pasando por el Qualty Espacio de C\u00f3rdoba, se dio a conocer en 2017 en la versi\u00f3n espa\u00f1ola del \u00abreality\u00bb Operaci\u00f3n Triunfo. Luego sali\u00f3 segunda representando a Espa\u00f1a en el Festival de la canci\u00f3n de Eurovisi\u00f3n con \u00abArde\u00bb y \u00abLo malo\u00bb, junto a Ana Guerra.<\/p>\n<p>Antes de \u201cAlpha\u201d public\u00f3 los \u00e1lbumes \u00abSpoiler\u00bb (2019) y \u00ab11 razones\u00bb (2020) y una catarata de sencillos que la posicionaron como una de las figuras m\u00e1s taquilleras de la escena espa\u00f1ola.<\/p>\n","protected":false},"excerpt":{"rendered":"<p>La cantante y compositora espa\u00f1ola Aitana Oca\u00f1a, una de las grandes estrellas del pop espa\u00f1ol, concret\u00f3 anoche su debut en Colombia, segunda parada del segmento latinoamericano de la gira de presentaci\u00f3n de su tercer disco \u201cAlpha\u201d que en diciembre la tendr\u00e1 cantando en Argentina. El estreno de la artista de 24 a\u00f1os en el pa\u00eds &hellip;<\/p>\n","protected":false},"author":2,"featured_media":0,"comment_status":"open","ping_status":"open","sticky":false,"template":"","format":"standard","meta":{"advanced_seo_description":"","jetpack_seo_html_title":"","jetpack_seo_noindex":false,"_jetpack_memberships_contains_paid_content":false,"footnotes":"","jetpack_publicize_message":"","jetpack_publicize_feature_enabled":true,"jetpack_social_post_already_shared":false,"jetpack_social_options":{"image_generator_settings":{"template":"highway","default_image_id":0,"font":"","enabled":false},"version":2}},"categories":[6],"tags":[],"class_list":["post-2707","post","type-post","status-publish","format-standard","hentry","category-calle-angosta"],"jetpack_publicize_connections":[],"jetpack_featured_media_url":"","jetpack_sharing_enabled":true,"_links":{"self":[{"href":"https:\/\/calleangosta.com\/ca\/wp-json\/wp\/v2\/posts\/2707","targetHints":{"allow":["GET"]}}],"collection":[{"href":"https:\/\/calleangosta.com\/ca\/wp-json\/wp\/v2\/posts"}],"about":[{"href":"https:\/\/calleangosta.com\/ca\/wp-json\/wp\/v2\/types\/post"}],"author":[{"embeddable":true,"href":"https:\/\/calleangosta.com\/ca\/wp-json\/wp\/v2\/users\/2"}],"replies":[{"embeddable":true,"href":"https:\/\/calleangosta.com\/ca\/wp-json\/wp\/v2\/comments?post=2707"}],"version-history":[{"count":1,"href":"https:\/\/calleangosta.com\/ca\/wp-json\/wp\/v2\/posts\/2707\/revisions"}],"predecessor-version":[{"id":6759,"href":"https:\/\/calleangosta.com\/ca\/wp-json\/wp\/v2\/posts\/2707\/revisions\/6759"}],"wp:attachment":[{"href":"https:\/\/calleangosta.com\/ca\/wp-json\/wp\/v2\/media?parent=2707"}],"wp:term":[{"taxonomy":"category","embeddable":true,"href":"https:\/\/calleangosta.com\/ca\/wp-json\/wp\/v2\/categories?post=2707"},{"taxonomy":"post_tag","embeddable":true,"href":"https:\/\/calleangosta.com\/ca\/wp-json\/wp\/v2\/tags?post=2707"}],"curies":[{"name":"wp","href":"https:\/\/api.w.org\/{rel}","templated":true}]}}