{"id":2708,"date":"2024-12-03T11:20:05","date_gmt":"2024-12-03T14:20:05","guid":{"rendered":"https:\/\/calleangosta.com\/ca\/?p=2708"},"modified":"2024-12-03T11:20:05","modified_gmt":"2024-12-03T14:20:05","slug":"los-gobernadores-de-juntos-por-el-cambio-se-reunen-manana-con-legisladores-electos","status":"publish","type":"post","link":"https:\/\/calleangosta.com\/ca\/los-gobernadores-de-juntos-por-el-cambio-se-reunen-manana-con-legisladores-electos\/","title":{"rendered":"Los gobernadores de Juntos por el Cambio se re\u00fanen ma\u00f1ana con legisladores electos"},"content":{"rendered":"<p>Los gobernadores en ejercicio y electos de Juntos por el Cambio (JxC) convocaron a una reuni\u00f3n para ma\u00f1ana junto a legisladores de ese espacio para analizar la situaci\u00f3n pol\u00edtica que se abre con el nuevo Gobierno de Javier Milei, que asumir\u00e1 el 10 de diciembre.<\/p>\n<p><!--more--><\/p>\n<p>En el encuentro, que se har\u00e1 al mediod\u00eda en el Club Alem\u00e1n de Equitaci\u00f3n del barrio porte\u00f1o de Palermo, participar\u00e1n tambi\u00e9n los senadores y diputados nacionales actuales y pr\u00f3ximos a asumir de esa coalici\u00f3n.<\/p>\n<p>A partir las discrepancias en la c\u00fapula de JxC, donde desde hace mucho tiempo no hay una reuni\u00f3n de la Mesa Nacional y la Coalici\u00f3n C\u00edvica ya anunci\u00f3 su partida del espacio, el n\u00facleo de gobernadores representa hoy un espacio de poder en el que conviven mandatarios radicales y del PRO.<\/p>\n<p>Este grupo tuvo una reuni\u00f3n el pasado mi\u00e9rcoles 22 de noviembre de la que participaron los 10 mandatarios, tanto los que est\u00e1n en actividad como los electos.<\/p>\n<p>Los gobernadores electos son Leandro Zdero (Chaco); Ignacio Torres (Chubut); Gustavo Vald\u00e9s (Corrientes); Rogelio Frigerio (Entre R\u00edos), Carlos Sadir (Jujuy); Alfredo Cornejo (Mendoza); Marcelo Orrego (San Juan); Claudio Poggi (San Luis) y Maximiliano Pullaro (Santa Fe), adem\u00e1s del jefe de Gobierno porte\u00f1o, Jorge Macri.<\/p>\n<p>En ese encuentro de la semana pasada indicaron que respaldar\u00e1n a Milei, pero tambi\u00e9n expresaron que este apoyo ser\u00e1 con condiciones.<\/p>\n<p>\u00abLos bloques legislativos de JxC ser\u00e1n determinantes en la pr\u00f3xima gesti\u00f3n nacional\u00bb, manifestaron en el comunicado dado a conocer tras la reuni\u00f3n.<\/p>\n<p>La decisi\u00f3n del sector es \u00abcontribuir con la gobernabilidad de Argentina, pero tambi\u00e9n sabemos que parte de nuestro rol es controlar la gesti\u00f3n del futuro gobierno\u00bb, dijeron los gobernadores.<\/p>\n<p>Tambi\u00e9n subrayaron que esperan \u00abser tomados en cuenta por el gobierno electo a la hora de definir pol\u00edticas que afecten a la gobernabilidad de nuestros distritos\u00bb<\/p>\n<p>Los mandatarios provinciales vienen alertando sobre la necesidad de que se incrementen los fondos nacionales y, en ese aspecto, el gobernador electo de Chubut, Ignacio Torres, advirti\u00f3 durante el fin de semana que no podr\u00e1 pagar el aguinaldo a los trabajadores estatales hasta que el Gobierno nacional no los compense por la suba en el piso del Impuesto a las Ganancias.<\/p>\n<p>El gobernador electo de Santa Fe, Maximiliano Pullaro, indic\u00f3 que en su distrito se har\u00e1 el \u00abesfuerzo para pagar los aguinaldos y el mes de enero\u00bb.<\/p>\n","protected":false},"excerpt":{"rendered":"<p>Los gobernadores en ejercicio y electos de Juntos por el Cambio (JxC) convocaron a una reuni\u00f3n para ma\u00f1ana junto a legisladores de ese espacio para analizar la situaci\u00f3n pol\u00edtica que se abre con el nuevo Gobierno de Javier Milei, que asumir\u00e1 el 10 de diciembre. En el encuentro, que se har\u00e1 al mediod\u00eda en el &hellip;<\/p>\n","protected":false},"author":2,"featured_media":0,"comment_status":"open","ping_status":"open","sticky":false,"template":"","format":"standard","meta":{"advanced_seo_description":"","jetpack_seo_html_title":"","jetpack_seo_noindex":false,"_jetpack_memberships_contains_paid_content":false,"footnotes":"","jetpack_publicize_message":"","jetpack_publicize_feature_enabled":true,"jetpack_social_post_already_shared":false,"jetpack_social_options":{"image_generator_settings":{"template":"highway","default_image_id":0,"font":"","enabled":false},"version":2}},"categories":[6],"tags":[],"class_list":["post-2708","post","type-post","status-publish","format-standard","hentry","category-calle-angosta"],"jetpack_publicize_connections":[],"jetpack_featured_media_url":"","jetpack_sharing_enabled":true,"_links":{"self":[{"href":"https:\/\/calleangosta.com\/ca\/wp-json\/wp\/v2\/posts\/2708","targetHints":{"allow":["GET"]}}],"collection":[{"href":"https:\/\/calleangosta.com\/ca\/wp-json\/wp\/v2\/posts"}],"about":[{"href":"https:\/\/calleangosta.com\/ca\/wp-json\/wp\/v2\/types\/post"}],"author":[{"embeddable":true,"href":"https:\/\/calleangosta.com\/ca\/wp-json\/wp\/v2\/users\/2"}],"replies":[{"embeddable":true,"href":"https:\/\/calleangosta.com\/ca\/wp-json\/wp\/v2\/comments?post=2708"}],"version-history":[{"count":1,"href":"https:\/\/calleangosta.com\/ca\/wp-json\/wp\/v2\/posts\/2708\/revisions"}],"predecessor-version":[{"id":6758,"href":"https:\/\/calleangosta.com\/ca\/wp-json\/wp\/v2\/posts\/2708\/revisions\/6758"}],"wp:attachment":[{"href":"https:\/\/calleangosta.com\/ca\/wp-json\/wp\/v2\/media?parent=2708"}],"wp:term":[{"taxonomy":"category","embeddable":true,"href":"https:\/\/calleangosta.com\/ca\/wp-json\/wp\/v2\/categories?post=2708"},{"taxonomy":"post_tag","embeddable":true,"href":"https:\/\/calleangosta.com\/ca\/wp-json\/wp\/v2\/tags?post=2708"}],"curies":[{"name":"wp","href":"https:\/\/api.w.org\/{rel}","templated":true}]}}