{"id":2709,"date":"2024-12-03T11:20:04","date_gmt":"2024-12-03T14:20:04","guid":{"rendered":"https:\/\/calleangosta.com\/ca\/?p=2709"},"modified":"2024-12-03T11:20:04","modified_gmt":"2024-12-03T14:20:04","slug":"mondino-afirmo-que-la-voluntad-en-lla-es-que-scioli-siga-a-cargo-de-la-embajada-en-brasil","status":"publish","type":"post","link":"https:\/\/calleangosta.com\/ca\/mondino-afirmo-que-la-voluntad-en-lla-es-que-scioli-siga-a-cargo-de-la-embajada-en-brasil\/","title":{"rendered":"Mondino afirm\u00f3 que \u00abla voluntad\u00bb en LLA es que Scioli \u00absiga\u00bb a cargo de la Embajada en Brasil"},"content":{"rendered":"<p>La designada canciller Diana Mondino afirm\u00f3 hoy que \u00abla voluntad\u00bb del Gobierno a cargo del presidente electo Javier Milei es que el embajador en Brasil, Daniel Scioli, \u00absiga\u00bb en funciones, y consider\u00f3 un \u00abdisparate may\u00fasculo\u00bb que vayan a cortarse las relaciones con el pa\u00eds lim\u00edtrofe.<\/p>\n<p><!--more--><\/p>\n<p>\u00abLa voluntad es que Scioli siga y es tambi\u00e9n la opini\u00f3n en el caso de Brasil\u00bb, expres\u00f3 Mondino en declaraciones a Radio Rivadavia- aunque a\u00f1adi\u00f3 que todav\u00eda no puede confirmarse su designaci\u00f3n porque \u00abdepende del Congreso\u00bb.<\/p>\n<p>Y se\u00f1al\u00f3 que \u00abmientras eso ocurra, esperemos que Scioli pueda seguir en comisi\u00f3n para que no queden truncas las situaciones en las que estaba trabajando\u00bb.<\/p>\n<p>Tambi\u00e9n destac\u00f3 que la relaci\u00f3n de Scioli con el Gobierno brasilero es \u00abmuy buena\u00bb.<\/p>\n<p>\u00abNo te voy a decir que ellos lo piden porque ser\u00eda una exageraci\u00f3n de mi parte, pero estamos trabajando para, lo mas r\u00e1pido posible, acelerar las cosas que estaban bien y no tener interrupciones\u00bb, a\u00f1adi\u00f3.<\/p>\n<p>Mondino viaj\u00f3 ayer a Brasil, donde se reuni\u00f3 y almorz\u00f3 con el canciller Mauro Vieira, acompa\u00f1ada por Scioli.<\/p>\n<p>All\u00ed trataron \u00abmuchos temas importantes para los cuatro pa\u00edses del Mercosur\u00bb, consign\u00f3 la designada canciller.<\/p>\n<p>Tambi\u00e9n se\u00f1al\u00f3 Mondino que Milei \u00abjam\u00e1s le dijo corrupto\u00bb al presidente de Brasil, Luiz In\u00e1cio Lula da Silva, por lo que, subray\u00f3, \u00abdecir que vamos a cortar relaciones era un disparate may\u00fasculo\u00bb.<\/p>\n<p>\u00abNo hay ninguna posibilidad de que los dos pa\u00edses trabajen separados o en disonancia\u00bb, remarc\u00f3.<\/p>\n<p>Sobre la visita que Milei realizaba a Estados Unidos junto a una comitiva integrada, entre otros, por el empresario Gerardo Werthein y Luis \u00abToto\u00bb Caputo, la designada canciller asegur\u00f3 que el presidente electo tendr\u00e1 en ese pa\u00eds \u00abuna agenda muy breve\u00bb de un d\u00eda y medio.<\/p>\n<p>\u00abHay algunas reuniones de \u00edndole personal y otras que son de \u00edndole puramente econ\u00f3mica con el Tesoro y organismos de financiamiento internacional\u00bb, dijo y sostuvo que todav\u00eda \u00abno puede confirmar\u00bb a Werthein como embajador en Washington, pero que est\u00e1n \u00abtrabajando en esa direcci\u00f3n\u00bb.<\/p>\n<p>Tambi\u00e9n remarc\u00f3 que \u00abcon la embajada china no quedan dudas de que eran rumores absolutamente infundados\u00bb sobre posible interrupci\u00f3n del v\u00ednculo bilateral.<\/p>\n<p>Y agreg\u00f3: \u00abHemos tenido una relaci\u00f3n con ellos que a lleva m\u00e1s de una semana desde las elecciones. (El presidente) Xi Jinping ha mandado una carta que se hizo p\u00fablica para despejar los rumores imaginativos\u00bb, a\u00f1adi\u00f3.<\/p>\n","protected":false},"excerpt":{"rendered":"<p>La designada canciller Diana Mondino afirm\u00f3 hoy que \u00abla voluntad\u00bb del Gobierno a cargo del presidente electo Javier Milei es que el embajador en Brasil, Daniel Scioli, \u00absiga\u00bb en funciones, y consider\u00f3 un \u00abdisparate may\u00fasculo\u00bb que vayan a cortarse las relaciones con el pa\u00eds lim\u00edtrofe. \u00abLa voluntad es que Scioli siga y es tambi\u00e9n la &hellip;<\/p>\n","protected":false},"author":2,"featured_media":0,"comment_status":"open","ping_status":"open","sticky":false,"template":"","format":"standard","meta":{"advanced_seo_description":"","jetpack_seo_html_title":"","jetpack_seo_noindex":false,"_jetpack_memberships_contains_paid_content":false,"footnotes":"","jetpack_publicize_message":"","jetpack_publicize_feature_enabled":true,"jetpack_social_post_already_shared":false,"jetpack_social_options":{"image_generator_settings":{"template":"highway","default_image_id":0,"font":"","enabled":false},"version":2}},"categories":[6],"tags":[],"class_list":["post-2709","post","type-post","status-publish","format-standard","hentry","category-calle-angosta"],"jetpack_publicize_connections":[],"jetpack_featured_media_url":"","jetpack_sharing_enabled":true,"_links":{"self":[{"href":"https:\/\/calleangosta.com\/ca\/wp-json\/wp\/v2\/posts\/2709","targetHints":{"allow":["GET"]}}],"collection":[{"href":"https:\/\/calleangosta.com\/ca\/wp-json\/wp\/v2\/posts"}],"about":[{"href":"https:\/\/calleangosta.com\/ca\/wp-json\/wp\/v2\/types\/post"}],"author":[{"embeddable":true,"href":"https:\/\/calleangosta.com\/ca\/wp-json\/wp\/v2\/users\/2"}],"replies":[{"embeddable":true,"href":"https:\/\/calleangosta.com\/ca\/wp-json\/wp\/v2\/comments?post=2709"}],"version-history":[{"count":1,"href":"https:\/\/calleangosta.com\/ca\/wp-json\/wp\/v2\/posts\/2709\/revisions"}],"predecessor-version":[{"id":6757,"href":"https:\/\/calleangosta.com\/ca\/wp-json\/wp\/v2\/posts\/2709\/revisions\/6757"}],"wp:attachment":[{"href":"https:\/\/calleangosta.com\/ca\/wp-json\/wp\/v2\/media?parent=2709"}],"wp:term":[{"taxonomy":"category","embeddable":true,"href":"https:\/\/calleangosta.com\/ca\/wp-json\/wp\/v2\/categories?post=2709"},{"taxonomy":"post_tag","embeddable":true,"href":"https:\/\/calleangosta.com\/ca\/wp-json\/wp\/v2\/tags?post=2709"}],"curies":[{"name":"wp","href":"https:\/\/api.w.org\/{rel}","templated":true}]}}