{"id":2710,"date":"2024-12-03T11:19:57","date_gmt":"2024-12-03T14:19:57","guid":{"rendered":"https:\/\/calleangosta.com\/ca\/?p=2710"},"modified":"2024-12-03T11:19:57","modified_gmt":"2024-12-03T14:19:57","slug":"crean-plan-nacional-de-empleo-con-experiencias-recogidas-de-iniciativas-del-ministerio-de-trabajo","status":"publish","type":"post","link":"https:\/\/calleangosta.com\/ca\/crean-plan-nacional-de-empleo-con-experiencias-recogidas-de-iniciativas-del-ministerio-de-trabajo\/","title":{"rendered":"Crean Plan Nacional de Empleo, con \u00abexperiencias recogidas\u00bb de iniciativas del Ministerio de Trabajo"},"content":{"rendered":"<p>El Ministerio de Trabajo aprob\u00f3 la creaci\u00f3n del Plan Nacional de Empleo, producto de las \u00abexperiencias recogidas\u00bb en el \u00e1mbito de la cartera a trav\u00e9s del plan Integral para la Promoci\u00f3n del Empleo de 2003 y el de Formaci\u00f3n Profesional y Continua de 2020.<\/p>\n<p><!--more--><\/p>\n<p>La conformaci\u00f3n del nuevo plan se formaliz\u00f3 a trav\u00e9s de la resoluci\u00f3n 1495\/2023, publicada hoy en el Bolet\u00edn Oficial, que a su vez abroga la 256\/2003 y modifica parcialmente la redacci\u00f3n del anexo de la 784\/2020.<\/p>\n<p>La medida consider\u00f3 pertinente \u00abaprobar el Plan Nacional de Empleo, que contemple el trabajo y la experiencia recogidas en el \u00e1mbito de este Ministerio, y permita sistematizar y articular las distintas pol\u00edticas, programas y acciones vigentes, y proyectar otras necesarias, teniendo en cuenta las perspectivas nacionales y las recomendaciones internacionales de la Organizaci\u00f3n Internacional del Trabajo en orden al futuro del empleo\u00bb.<\/p>\n<p>El plan reunir\u00e1 \u00ablos objetivos, los principios rectores, los abordajes y l\u00edneas de acci\u00f3n a desarrollar en materia de empleo\u00bb y se desarrollar\u00e1 \u00aben forma articulada, coordinada e integrada con el Plan de Formaci\u00f3n Profesional y Continua\u00bb, indic\u00f3 la resoluci\u00f3n en sus considerandos.<\/p>\n<p>Para ello, se debi\u00f3 reformular la actual Comisi\u00f3n Tripartita de Formaci\u00f3n Profesional y Continua, que pasar\u00e1 a denominarse Comisi\u00f3n Tripartita de Formaci\u00f3n Profesional y Continua y de Promoci\u00f3n del Empleo.<\/p>\n<p>El Plan Integral para la Promoci\u00f3n del Empleo fue creado en octubre de 2003, con el objetivo de \u00abpotenciar la relaci\u00f3n positiva entre el crecimiento del producto, el incremento de la productividad y el aumento del empleo, fomentando su desarrollo cuantitativo y cualitativo\u00bb.<\/p>\n<p>Por su parte, el Plan de Formaci\u00f3n Profesional y Continua data de septiembre de 2020 y busca \u00abestructurar, sistematizar e impulsar programas, proyectos y acciones desarrollados\u00bb en el \u00e1mbito del Ministerio de Trabajo, \u00abdirigidos a mejorar las competencias, habilidades y calificaciones de trabajadoras y trabajadores de nuestro pa\u00eds\u00bb.<\/p>\n","protected":false},"excerpt":{"rendered":"<p>El Ministerio de Trabajo aprob\u00f3 la creaci\u00f3n del Plan Nacional de Empleo, producto de las \u00abexperiencias recogidas\u00bb en el \u00e1mbito de la cartera a trav\u00e9s del plan Integral para la Promoci\u00f3n del Empleo de 2003 y el de Formaci\u00f3n Profesional y Continua de 2020. La conformaci\u00f3n del nuevo plan se formaliz\u00f3 a trav\u00e9s de la &hellip;<\/p>\n","protected":false},"author":2,"featured_media":0,"comment_status":"open","ping_status":"open","sticky":false,"template":"","format":"standard","meta":{"advanced_seo_description":"","jetpack_seo_html_title":"","jetpack_seo_noindex":false,"_jetpack_memberships_contains_paid_content":false,"footnotes":"","jetpack_publicize_message":"","jetpack_publicize_feature_enabled":true,"jetpack_social_post_already_shared":false,"jetpack_social_options":{"image_generator_settings":{"template":"highway","default_image_id":0,"font":"","enabled":false},"version":2}},"categories":[6],"tags":[],"class_list":["post-2710","post","type-post","status-publish","format-standard","hentry","category-calle-angosta"],"jetpack_publicize_connections":[],"jetpack_featured_media_url":"","jetpack_sharing_enabled":true,"_links":{"self":[{"href":"https:\/\/calleangosta.com\/ca\/wp-json\/wp\/v2\/posts\/2710","targetHints":{"allow":["GET"]}}],"collection":[{"href":"https:\/\/calleangosta.com\/ca\/wp-json\/wp\/v2\/posts"}],"about":[{"href":"https:\/\/calleangosta.com\/ca\/wp-json\/wp\/v2\/types\/post"}],"author":[{"embeddable":true,"href":"https:\/\/calleangosta.com\/ca\/wp-json\/wp\/v2\/users\/2"}],"replies":[{"embeddable":true,"href":"https:\/\/calleangosta.com\/ca\/wp-json\/wp\/v2\/comments?post=2710"}],"version-history":[{"count":1,"href":"https:\/\/calleangosta.com\/ca\/wp-json\/wp\/v2\/posts\/2710\/revisions"}],"predecessor-version":[{"id":6756,"href":"https:\/\/calleangosta.com\/ca\/wp-json\/wp\/v2\/posts\/2710\/revisions\/6756"}],"wp:attachment":[{"href":"https:\/\/calleangosta.com\/ca\/wp-json\/wp\/v2\/media?parent=2710"}],"wp:term":[{"taxonomy":"category","embeddable":true,"href":"https:\/\/calleangosta.com\/ca\/wp-json\/wp\/v2\/categories?post=2710"},{"taxonomy":"post_tag","embeddable":true,"href":"https:\/\/calleangosta.com\/ca\/wp-json\/wp\/v2\/tags?post=2710"}],"curies":[{"name":"wp","href":"https:\/\/api.w.org\/{rel}","templated":true}]}}