{"id":2712,"date":"2024-12-03T11:19:41","date_gmt":"2024-12-03T14:19:41","guid":{"rendered":"https:\/\/calleangosta.com\/ca\/?p=2712"},"modified":"2024-12-03T11:19:41","modified_gmt":"2024-12-03T14:19:41","slug":"la-corriente-nacional-martin-fierro-anuncio-estado-de-alerta-y-movilizacion","status":"publish","type":"post","link":"https:\/\/calleangosta.com\/ca\/la-corriente-nacional-martin-fierro-anuncio-estado-de-alerta-y-movilizacion\/","title":{"rendered":"La Corriente Nacional Mart\u00edn Fierro anunci\u00f3 \u00abestado de alerta y movilizaci\u00f3n\u00bb"},"content":{"rendered":"<p>La Mesa Federal de la Corriente Nacional Mart\u00edn Fierro declar\u00f3 hoy un \u00abestado de alerta y movilizaci\u00f3n\u00bb para sus militantes y dirigentes de todo el pa\u00eds ante las \u00abdefiniciones planteadas por la alianza\u00bb entre el presidente electo Javier Milei y el exmandatario Mauricio Macri para el pr\u00f3ximo gobierno de La Libertad Avanza (LLA), el \u00abavance en materia de derechos humanos y una promesa concreta de desguace del Estado\u00bb, entre otras cuestiones.<\/p>\n<p><!--more--><\/p>\n<p>La dirigencia nacional de la Corriente Mart\u00edn Fierro anunci\u00f3 adem\u00e1s la realizaci\u00f3n de \u00abasambleas\u00bb en todos sus \u00ablugares de militancia y unidades productivas de todo el pa\u00eds\u00bb para \u00abevaluar colectivamente la nueva situaci\u00f3n pol\u00edtica y a la vez entablar una ronda de reuniones con dirigentes pol\u00edticos, sindicales y sociales\u00bb.<\/p>\n<p>\u00abEstamos en estado de alerta ante las definiciones ya planteadas de la alianza de gobierno Macri-Milei en cuanto que la justicia social es una perversi\u00f3n; el negacionismo de la dictadura militar; el desguace del Estado como regulador de las reglas del mercado y como motor de bienestar para nuestro pueblo y un unilateral y peligroso alineamiento internacional\u00bb, anunciaron desde la Corriente Mart\u00edn Fierro a trav\u00e9s de un documento conjunto.<\/p>\n","protected":false},"excerpt":{"rendered":"<p>La Mesa Federal de la Corriente Nacional Mart\u00edn Fierro declar\u00f3 hoy un \u00abestado de alerta y movilizaci\u00f3n\u00bb para sus militantes y dirigentes de todo el pa\u00eds ante las \u00abdefiniciones planteadas por la alianza\u00bb entre el presidente electo Javier Milei y el exmandatario Mauricio Macri para el pr\u00f3ximo gobierno de La Libertad Avanza (LLA), el \u00abavance &hellip;<\/p>\n","protected":false},"author":2,"featured_media":0,"comment_status":"open","ping_status":"open","sticky":false,"template":"","format":"standard","meta":{"advanced_seo_description":"","jetpack_seo_html_title":"","jetpack_seo_noindex":false,"_jetpack_memberships_contains_paid_content":false,"footnotes":"","jetpack_publicize_message":"","jetpack_publicize_feature_enabled":true,"jetpack_social_post_already_shared":false,"jetpack_social_options":{"image_generator_settings":{"template":"highway","default_image_id":0,"font":"","enabled":false},"version":2}},"categories":[6],"tags":[],"class_list":["post-2712","post","type-post","status-publish","format-standard","hentry","category-calle-angosta"],"jetpack_publicize_connections":[],"jetpack_featured_media_url":"","jetpack_sharing_enabled":true,"_links":{"self":[{"href":"https:\/\/calleangosta.com\/ca\/wp-json\/wp\/v2\/posts\/2712","targetHints":{"allow":["GET"]}}],"collection":[{"href":"https:\/\/calleangosta.com\/ca\/wp-json\/wp\/v2\/posts"}],"about":[{"href":"https:\/\/calleangosta.com\/ca\/wp-json\/wp\/v2\/types\/post"}],"author":[{"embeddable":true,"href":"https:\/\/calleangosta.com\/ca\/wp-json\/wp\/v2\/users\/2"}],"replies":[{"embeddable":true,"href":"https:\/\/calleangosta.com\/ca\/wp-json\/wp\/v2\/comments?post=2712"}],"version-history":[{"count":1,"href":"https:\/\/calleangosta.com\/ca\/wp-json\/wp\/v2\/posts\/2712\/revisions"}],"predecessor-version":[{"id":6754,"href":"https:\/\/calleangosta.com\/ca\/wp-json\/wp\/v2\/posts\/2712\/revisions\/6754"}],"wp:attachment":[{"href":"https:\/\/calleangosta.com\/ca\/wp-json\/wp\/v2\/media?parent=2712"}],"wp:term":[{"taxonomy":"category","embeddable":true,"href":"https:\/\/calleangosta.com\/ca\/wp-json\/wp\/v2\/categories?post=2712"},{"taxonomy":"post_tag","embeddable":true,"href":"https:\/\/calleangosta.com\/ca\/wp-json\/wp\/v2\/tags?post=2712"}],"curies":[{"name":"wp","href":"https:\/\/api.w.org\/{rel}","templated":true}]}}