{"id":2713,"date":"2024-12-03T11:19:40","date_gmt":"2024-12-03T14:19:40","guid":{"rendered":"https:\/\/calleangosta.com\/ca\/?p=2713"},"modified":"2024-12-03T11:19:40","modified_gmt":"2024-12-03T14:19:40","slug":"el-senasa-extremo-medidas-para-contener-el-virus-que-afecta-al-rodeo-equino","status":"publish","type":"post","link":"https:\/\/calleangosta.com\/ca\/el-senasa-extremo-medidas-para-contener-el-virus-que-afecta-al-rodeo-equino\/","title":{"rendered":"El Senasa extrem\u00f3 medidas para contener el virus que afecta al rodeo equino"},"content":{"rendered":"<p>El Servicio Nacional de Sanidad y Calidad Agroalimentaria (Senasa) y la Comisi\u00f3n Nacional de Sanidad y Bienestar de los \u00c9quidos (CONAE) evaluaron m\u00e1s medidas de prevenci\u00f3n para limitar los alcances ante los brotes registrados en las provincias de Corrientes y Santa Fe de Encefalomielitis Equinas (EE), que resulta altamente letal para los animales que la contraen.<\/p>\n<p><!--more--><\/p>\n<p>En un comunicado, el Senasa inform\u00f3 que el vicepresidente del organismo, Rodolfo Acerbi, la directora Nacional de Sanidad Animal, Ximena Mel\u00f3n y el jefe del Programa de Equinos, Mario Iturria, presentaron un informe epidemiol\u00f3gico acerca del comportamiento del virus en los \u00faltimos d\u00edas, la distribuci\u00f3n de las sospechas notificadas y la presencia de los brotes positivos en las provincias de Santa Fe y de Corrientes.<\/p>\n<p>Asimismo, se enfatiz\u00f3 que se trabaja con la Direcci\u00f3n Nacional de Epidemiolog\u00eda del Ministerio de Salud de la Naci\u00f3n, el Instituto Nacional de Tecnolog\u00eda Agropecuaria (INTA) y las autoridades jurisdiccionales para reforzar las recomendaciones de prevenci\u00f3n y control de la enfermedad tanto en los animales como en las personas.<\/p>\n<p>\u00abNos reunimos con la CONAE y con las c\u00e1maras de productos veterinarios donde intercambiamos informaci\u00f3n, propuestas y acciones para abordar la emergencia por encefalomielitis equinas. Ante los hallazgos, el Senasa inform\u00f3 las medidas implementadas desde el fin de semana en aquellas provincias con brotes positivos de la enfermedad\u00bb, afirm\u00f3 Mel\u00f3n.<\/p>\n<p>Asimismo, durante la reuni\u00f3n se reiter\u00f3 la importancia de las herramientas de prevenci\u00f3n y control del virus, entre las que se destaca el uso de repelentes.<\/p>\n<p>\u00abEs una enfermedad que se distribuye a trav\u00e9s de los mosquitos, los que toman el virus al picar a las aves y luego lo diseminan. Por eso la principal herramienta de prevenci\u00f3n para los equinos es la utilizaci\u00f3n de repelentes autorizados por el Senasa\u00bb, agreg\u00f3 la directora nacional de Sanidad Animal.<\/p>\n<p>Por su parte, Carlos Giovacchini, director de Epidemiologia del Ministerio de Salud de la Naci\u00f3n, coincidi\u00f3 sobre la prevenci\u00f3n en las personas, para evitar las picaduras del mosquito transmisor, que se encuentra principalmente en el medio rural.<\/p>\n<p>Otra de las herramientas para la contenci\u00f3n de la encefalomielitis en equinos es la vacunaci\u00f3n.<\/p>\n<p>Sobre su disponibilidad, las c\u00e1maras de productos veterinarios expresaron que se encuentran trabajando en la elaboraci\u00f3n, importaci\u00f3n y distribuci\u00f3n, al tiempo que los equipos del Senasa se comprometieron a agilizar los procedimientos para la autorizaci\u00f3n de los lotes de vacunas que realiza el Laboratorio Nacional del organismo sanitario en Mart\u00ednez y tener disponibilidad de dosis en el menor tiempo posible.<\/p>\n<p>En lo que respecta al virus, se inform\u00f3 tambi\u00e9n que el Instituto de Virolog\u00eda \u00abDr. Jos\u00e9 Mar\u00eda Vanella\u00bb de la Universidad Nacional de C\u00f3rdoba realiz\u00f3 la tipificaci\u00f3n del virus de las muestras que arrojaron resultado positivo de encefalomielitis equina en la provincia de Santa Fe.<\/p>\n<p>La misma obtuvo en el d\u00eda de la fecha el diagn\u00f3stico de Encefalomielitis Equina del Oeste, el mismo que se diagnostic\u00f3 en el pa\u00eds en 1988.<\/p>\n<p>Adem\u00e1s, se acord\u00f3 con el sector la necesidad de establecer un protocolo para el desarrollo de eventos ecuestres y deportivos.<\/p>\n<p>\u00abJunto con el programa de equinos de la Direcci\u00f3n de Sanidad Animal, el sector privado y las instituciones se va a establecer r\u00e1pidamente un protocolo sanitario con medidas preventivas, para que se puedan llevar a cabo de forma segura\u00bb concluy\u00f3 Mel\u00f3n.<\/p>\n","protected":false},"excerpt":{"rendered":"<p>El Servicio Nacional de Sanidad y Calidad Agroalimentaria (Senasa) y la Comisi\u00f3n Nacional de Sanidad y Bienestar de los \u00c9quidos (CONAE) evaluaron m\u00e1s medidas de prevenci\u00f3n para limitar los alcances ante los brotes registrados en las provincias de Corrientes y Santa Fe de Encefalomielitis Equinas (EE), que resulta altamente letal para los animales que la &hellip;<\/p>\n","protected":false},"author":2,"featured_media":0,"comment_status":"open","ping_status":"open","sticky":false,"template":"","format":"standard","meta":{"advanced_seo_description":"","jetpack_seo_html_title":"","jetpack_seo_noindex":false,"_jetpack_memberships_contains_paid_content":false,"footnotes":"","jetpack_publicize_message":"","jetpack_publicize_feature_enabled":true,"jetpack_social_post_already_shared":false,"jetpack_social_options":{"image_generator_settings":{"template":"highway","default_image_id":0,"font":"","enabled":false},"version":2}},"categories":[6],"tags":[],"class_list":["post-2713","post","type-post","status-publish","format-standard","hentry","category-calle-angosta"],"jetpack_publicize_connections":[],"jetpack_featured_media_url":"","jetpack_sharing_enabled":true,"_links":{"self":[{"href":"https:\/\/calleangosta.com\/ca\/wp-json\/wp\/v2\/posts\/2713","targetHints":{"allow":["GET"]}}],"collection":[{"href":"https:\/\/calleangosta.com\/ca\/wp-json\/wp\/v2\/posts"}],"about":[{"href":"https:\/\/calleangosta.com\/ca\/wp-json\/wp\/v2\/types\/post"}],"author":[{"embeddable":true,"href":"https:\/\/calleangosta.com\/ca\/wp-json\/wp\/v2\/users\/2"}],"replies":[{"embeddable":true,"href":"https:\/\/calleangosta.com\/ca\/wp-json\/wp\/v2\/comments?post=2713"}],"version-history":[{"count":1,"href":"https:\/\/calleangosta.com\/ca\/wp-json\/wp\/v2\/posts\/2713\/revisions"}],"predecessor-version":[{"id":6753,"href":"https:\/\/calleangosta.com\/ca\/wp-json\/wp\/v2\/posts\/2713\/revisions\/6753"}],"wp:attachment":[{"href":"https:\/\/calleangosta.com\/ca\/wp-json\/wp\/v2\/media?parent=2713"}],"wp:term":[{"taxonomy":"category","embeddable":true,"href":"https:\/\/calleangosta.com\/ca\/wp-json\/wp\/v2\/categories?post=2713"},{"taxonomy":"post_tag","embeddable":true,"href":"https:\/\/calleangosta.com\/ca\/wp-json\/wp\/v2\/tags?post=2713"}],"curies":[{"name":"wp","href":"https:\/\/api.w.org\/{rel}","templated":true}]}}