{"id":2714,"date":"2024-12-03T11:19:37","date_gmt":"2024-12-03T14:19:37","guid":{"rendered":"https:\/\/calleangosta.com\/ca\/?p=2714"},"modified":"2024-12-03T11:19:37","modified_gmt":"2024-12-03T14:19:37","slug":"milei-visito-un-sitio-religioso-en-nueva-york-y-almorzo-con-el-expresidente-bill-clinton","status":"publish","type":"post","link":"https:\/\/calleangosta.com\/ca\/milei-visito-un-sitio-religioso-en-nueva-york-y-almorzo-con-el-expresidente-bill-clinton\/","title":{"rendered":"Milei visit\u00f3 un sitio religioso en Nueva York y almorz\u00f3 con el expresidente Bill Clinton"},"content":{"rendered":"<p>El presidente electo Javier Milei visit\u00f3 hoy en la ciudad de Nueva York la tumba del rabino Menachem Mendel Schneerson, un sitio religioso al que ya hab\u00eda ido antes de las PASO de agosto, para luego trasladarse a Washington, donde mantendr\u00e1 una reuni\u00f3n con funcionarios del Fondo Monetario Internacional (FMI), la Casa Blanca y el Tesoro.<\/p>\n<p><!--more--><\/p>\n<p>En su primera actividad en Nueva York, Milei visit\u00f3 la sinagoga OHEL para \u00abdar las gracias por el lugar que le ha dado Hashem\u00bb, t\u00e9rmino hebreo usado para referirse a Dios y que significa \u00abEl Nombre\u00bb.<\/p>\n<p>El OHEL es la tumba del rabino Menachem Mendel Schneerson, conocido como \u00abel rebe de Lubavitch\u00bb y considerado milagroso, en el barrio de Queens.<\/p>\n<p>Milei fue all\u00ed recibido por los l\u00edderes locales de la comunidad, a quienes les present\u00f3 su respeto y agradecimientos, informaron desde la Oficina del Presidene Electo.<\/p>\n<p>Luego, al mediod\u00eda, el futuro mandatario almorz\u00f3 con el expresidente y referente del Partido Dem\u00f3crata, Bill Clinton y el exsenador dem\u00f3crata por el estado de Connecticut, Chris Dodd, en un hotel de Nueva York, seg\u00fan precisaron a T\u00e9lam fuentes de La Libertad Avanza.<\/p>\n<p>Seg\u00fan inform\u00f3 el espacio libertario en su cuenta de X, el economista \u00abpresent\u00f3 su plan de reformas para la republica Argentina\u00bb.<\/p>\n<p>Por la noche, el economista viaj\u00f3 a Washington DC, donde la agenda incluir\u00e1 reuniones con \u00abfuncionarios del Fondo Monetario Internacional (FMI), Casa Blanca y el Tesoro norteamericano\u00bb, dijeron los informantes.<\/p>\n<p>Desde el espacio libertario indicaron a T\u00e9lam que \u00ablas reuniones son protocolares para explicar el plan econ\u00f3mico: ajuste fiscal, reforma monetaria, reforma del Estado y desregulaci\u00f3n\u00bb, a la vez que desmintieron que se trate de una \u00abb\u00fasqueda de financiamiento\u00bb.<\/p>\n<p>En la comitiva viajaron el posible embajador de Argentina en Estados Unidos, Gerardo Werthein; Marc Stanley, actual embajador de Estados Unidos en Argentina; y la jefa de campa\u00f1a, Karina Milei, hermana del futuro jefe de Estado.<\/p>\n<p>Adem\u00e1s estaban presentes el exministro de Finanzas del macrismo, Luis Caputo; el posible jefe de Gabinete de Milei, Nicol\u00e1s Posse, y Santiago Caputo, asesor de Milei y calificado por \u00e9l tras el triunfo electoral como \u00abel arquitecto\u00bb de la victoria de LLA.<\/p>\n<p>Por su parte, en una conferencia de prensa, el vocero del presidente de Estados Unidos, John Kirby, coment\u00f3 sobre la llegada de Milei al pa\u00eds y confirm\u00f3 que \u00abno habr\u00e1\u00bb un encuentro con el mandatario norteamericano Joe Biden.<\/p>\n<p>\u00abTendremos que ver c\u00f3mo se desarrolla todo esto. Desafortunadamente, el presidente (Biden) no podr\u00e1 verse con \u00e9l porque estar\u00e1 viajando dentro del pa\u00eds. Pero, obviamente, queremos seguir buscando formas de cooperar con Argentina\u00bb, afirm\u00f3.<\/p>\n<p>Luego, se refiri\u00f3 a la relaci\u00f3n entre ambas naciones: \u00abArgentina es un socio vibrante en este continente en muchos temas. Estamos ansiosos por escuchar las ideas del presidente electo y ver hacia d\u00f3nde quiere dirigirse en cuestiones de pol\u00edtica econ\u00f3mica, asegur\u00e1ndonos de tener la oportunidad de mantener abierta esa l\u00ednea de comunicaci\u00f3n\u00bb.<\/p>\n<p>En Buenos Aires, los diputados nacionales electos de LLA se reun\u00edan esta noche para comenzar a dise\u00f1ar la estrategia que llevar\u00e1 adelante esa bancada y definir qui\u00e9nes ser\u00e1n sus autoridades a partir del 10 de diciembre, adem\u00e1s de despejar la inc\u00f3gnita respecto a qu\u00e9 dirigente respaldar\u00e1n como presidente de ese cuerpo.<\/p>\n<p>En ese encuentro, que se realizaba en el Club Alem\u00e1n de Equitaci\u00f3n del barrio porte\u00f1o de Palermo, participaban tambi\u00e9n los senadores y diputados nacionales actuales y pr\u00f3ximos a asumir de esa coalici\u00f3n.<\/p>\n<p>Fuentes parlamentarias no descartaron que en ese encuentro empiece a definirse el nombre del futuro presidente del bloque de diputados nacionales de LLA, que estar\u00e1 compuesto por 38 legisladores.<\/p>\n<p>Fuentes de los libertarios admiten que en esa fuerza quieren \u00abuno propio\u00bb para presidir la C\u00e1mara baja.<\/p>\n<p>Entre los legisladores que se mencionan figuran el puntano Carlos Gonz\u00e1lez D&#8217;Alessandro o el actual legislador porte\u00f1o Oscar Zago, electo diputado nacional por la ciudad de Buenos Aires.<\/p>\n<p>Sin embargo, en las \u00faltimas horas comenz\u00f3 a tener m\u00e1s peso el nombre de la periodista Marcela Pagano y Martin Menem, sobrino del expresidente Carlos Menem, para presidir la bancada que responder\u00e1 al presidente electo.<\/p>\n<p>Otra de las inc\u00f3gnitas, y por la que pasar\u00e1 la mayor parte de las negociaciones, es a qui\u00e9n propondr\u00e1 el propio Milei para conducir la C\u00e1mara de Diputados, donde tendr\u00e1n un bloque de 38 integrantes y buscar\u00e1n establecer alianzas con las bancadas que hasta ahora integran Juntos por el Cambio (JxC) y responden a Mauricio Macri o a Patricia Bullrich.<\/p>\n<p>Entre los dirigentes de LLA habr\u00eda resistencias respecto de la designaci\u00f3n de Cristian Ritondo o bien de Florencio Randazzo, a qui\u00e9nes se los mencionaba con fuertes chances en los \u00faltimos d\u00edas para ocupar ese estrat\u00e9gico lugar.<\/p>\n<p>En tanto, el ministro del Interior, Eduardo \u00abWado\u00bb de Pedro, recibir\u00e1 ma\u00f1ana a Guillermo Francos, quien ser\u00e1 su sucesor en esa cartera, en una de las tantas reuniones que se est\u00e1n llevando a cabo en el marco de la transici\u00f3n entre el gobierno del presidente Alberto Fern\u00e1ndez y el que encabezar\u00e1 el mandatario electo Javier Milei desde el 10 de diciembre pr\u00f3ximo.<\/p>\n<p>El encuentro se realizar\u00e1 por la tarde en el despacho que De Pedro tiene en Casa Rosada, informaron fuentes del Ministerio.<\/p>\n","protected":false},"excerpt":{"rendered":"<p>El presidente electo Javier Milei visit\u00f3 hoy en la ciudad de Nueva York la tumba del rabino Menachem Mendel Schneerson, un sitio religioso al que ya hab\u00eda ido antes de las PASO de agosto, para luego trasladarse a Washington, donde mantendr\u00e1 una reuni\u00f3n con funcionarios del Fondo Monetario Internacional (FMI), la Casa Blanca y el &hellip;<\/p>\n","protected":false},"author":2,"featured_media":0,"comment_status":"open","ping_status":"open","sticky":false,"template":"","format":"standard","meta":{"advanced_seo_description":"","jetpack_seo_html_title":"","jetpack_seo_noindex":false,"_jetpack_memberships_contains_paid_content":false,"footnotes":"","jetpack_publicize_message":"","jetpack_publicize_feature_enabled":true,"jetpack_social_post_already_shared":false,"jetpack_social_options":{"image_generator_settings":{"template":"highway","default_image_id":0,"font":"","enabled":false},"version":2}},"categories":[6],"tags":[],"class_list":["post-2714","post","type-post","status-publish","format-standard","hentry","category-calle-angosta"],"jetpack_publicize_connections":[],"jetpack_featured_media_url":"","jetpack_sharing_enabled":true,"_links":{"self":[{"href":"https:\/\/calleangosta.com\/ca\/wp-json\/wp\/v2\/posts\/2714","targetHints":{"allow":["GET"]}}],"collection":[{"href":"https:\/\/calleangosta.com\/ca\/wp-json\/wp\/v2\/posts"}],"about":[{"href":"https:\/\/calleangosta.com\/ca\/wp-json\/wp\/v2\/types\/post"}],"author":[{"embeddable":true,"href":"https:\/\/calleangosta.com\/ca\/wp-json\/wp\/v2\/users\/2"}],"replies":[{"embeddable":true,"href":"https:\/\/calleangosta.com\/ca\/wp-json\/wp\/v2\/comments?post=2714"}],"version-history":[{"count":1,"href":"https:\/\/calleangosta.com\/ca\/wp-json\/wp\/v2\/posts\/2714\/revisions"}],"predecessor-version":[{"id":6752,"href":"https:\/\/calleangosta.com\/ca\/wp-json\/wp\/v2\/posts\/2714\/revisions\/6752"}],"wp:attachment":[{"href":"https:\/\/calleangosta.com\/ca\/wp-json\/wp\/v2\/media?parent=2714"}],"wp:term":[{"taxonomy":"category","embeddable":true,"href":"https:\/\/calleangosta.com\/ca\/wp-json\/wp\/v2\/categories?post=2714"},{"taxonomy":"post_tag","embeddable":true,"href":"https:\/\/calleangosta.com\/ca\/wp-json\/wp\/v2\/tags?post=2714"}],"curies":[{"name":"wp","href":"https:\/\/api.w.org\/{rel}","templated":true}]}}