{"id":2716,"date":"2024-12-03T11:19:31","date_gmt":"2024-12-03T14:19:31","guid":{"rendered":"https:\/\/calleangosta.com\/ca\/?p=2716"},"modified":"2024-12-03T11:19:31","modified_gmt":"2024-12-03T14:19:31","slug":"presentaron-contenidos-pedagogicos-para-jardines-maternales-y-centros-de-desarrollo-infantil-en-san-luis","status":"publish","type":"post","link":"https:\/\/calleangosta.com\/ca\/presentaron-contenidos-pedagogicos-para-jardines-maternales-y-centros-de-desarrollo-infantil-en-san-luis\/","title":{"rendered":"Presentaron Contenidos Pedag\u00f3gicos para Jardines Maternales y Centros de Desarrollo Infantil en San Luis"},"content":{"rendered":"<p>En un hito hist\u00f3rico para la provincia de San Luis, se present\u00f3 el primer dise\u00f1o curricular destinado a jardines maternales y Centros de Desarrollo Infantil (CDI). Hasta ahora, este nivel educativo carec\u00eda de un dise\u00f1o espec\u00edfico, siendo el \u00fanico sin contenidos pedag\u00f3gicos definidos. La presentaci\u00f3n tuvo lugar en el Sal\u00f3n de la Puntanidad y marca un cambio significativo en la visi\u00f3n educativa para los m\u00e1s peque\u00f1os.<\/p>\n<p><!--more--><\/p>\n<p>La iniciativa surgi\u00f3 hace dos a\u00f1os cuando las primeras infancias fueron incorporadas al Ministerio de Educaci\u00f3n de San Luis, convirti\u00e9ndose en la \u00fanica provincia argentina en tomar esta decisi\u00f3n. Con el tiempo, se form\u00f3 una comisi\u00f3n curricular compuesta por coordinadoras, maestras, profesionales de universidades y colaboradores, quienes trabajaron en la elaboraci\u00f3n de este dise\u00f1o pionero.<\/p>\n<p>\u00abHasta ahora, el jard\u00edn maternal todav\u00eda permanec\u00eda sin lineamientos educativos. Esto se comienza a escribir a partir de una necesidad que expresamos, porque los jardines maternales, tambi\u00e9n llamados Centros de Desarrollo Infantil, anteriormente estaban a cargo de la Secretar\u00eda de la Mujer\u201d, destac\u00f3 Agustina Gonz\u00e1lez, jefa de la Direcci\u00f3n de Desarrollo de la Primera Infancia.<\/p>\n<p>Anteriormente, estas instituciones ten\u00edan un enfoque asistencialista y de cuidado, pero ahora se les asigna un valor pedag\u00f3gico integral que incluye aspectos de salud, nutrici\u00f3n y apoyo a los docentes.<\/p>\n<p>Ivana Blanco, docente e integrante de la Uni\u00f3n Nacional de Educadores de Nivel Inicial, expres\u00f3 su entusiasmo: \u201cEste Dise\u00f1o Curricular es algo hist\u00f3rico, les da valor a las primeras infancias. Ya dejan de ser guarder\u00edas y pasan a ser centros educativos. Es algo que los docentes estaban esperando hace mucho tiempo\u201d.<\/p>\n<p>El dise\u00f1o curricular tiene como eje vertebral el juego, consider\u00e1ndolo fundamental para los aprendizajes de los ni\u00f1os. Adem\u00e1s, se abordan temas como la conformaci\u00f3n de la identidad, la relaci\u00f3n con otros, el reconocimiento de maestras y personas cercanas, la expresi\u00f3n y comunicaci\u00f3n, as\u00ed como las artes visuales, el cuerpo y la literatura.<\/p>\n<p>Norma Orozco, coordinadora del Centro de Desarrollo Infantil \u201cEvita\u201d, resalt\u00f3 la importancia de este reconocimiento: \u201cPor primera vez somos reconocidas como educadoras de nivel inicial. Es importante a nivel personal, pero sobre todas las cosas todo lo que se hizo quedar\u00e1 reflejado en los chicos y sus resultados. Es sumamente valioso\u201d.<\/p>\n<p>Estos cambios entrar\u00e1n en vigencia a partir de 2024, marcando un nuevo cap\u00edtulo en la educaci\u00f3n de los m\u00e1s peque\u00f1os en San Luis.<\/p>\n","protected":false},"excerpt":{"rendered":"<p>En un hito hist\u00f3rico para la provincia de San Luis, se present\u00f3 el primer dise\u00f1o curricular destinado a jardines maternales y Centros de Desarrollo Infantil (CDI). Hasta ahora, este nivel educativo carec\u00eda de un dise\u00f1o espec\u00edfico, siendo el \u00fanico sin contenidos pedag\u00f3gicos definidos. La presentaci\u00f3n tuvo lugar en el Sal\u00f3n de la Puntanidad y marca &hellip;<\/p>\n","protected":false},"author":2,"featured_media":0,"comment_status":"open","ping_status":"open","sticky":false,"template":"","format":"standard","meta":{"advanced_seo_description":"","jetpack_seo_html_title":"","jetpack_seo_noindex":false,"_jetpack_memberships_contains_paid_content":false,"footnotes":"","jetpack_publicize_message":"","jetpack_publicize_feature_enabled":true,"jetpack_social_post_already_shared":false,"jetpack_social_options":{"image_generator_settings":{"template":"highway","default_image_id":0,"font":"","enabled":false},"version":2}},"categories":[6],"tags":[],"class_list":["post-2716","post","type-post","status-publish","format-standard","hentry","category-calle-angosta"],"jetpack_publicize_connections":[],"jetpack_featured_media_url":"","jetpack_sharing_enabled":true,"_links":{"self":[{"href":"https:\/\/calleangosta.com\/ca\/wp-json\/wp\/v2\/posts\/2716","targetHints":{"allow":["GET"]}}],"collection":[{"href":"https:\/\/calleangosta.com\/ca\/wp-json\/wp\/v2\/posts"}],"about":[{"href":"https:\/\/calleangosta.com\/ca\/wp-json\/wp\/v2\/types\/post"}],"author":[{"embeddable":true,"href":"https:\/\/calleangosta.com\/ca\/wp-json\/wp\/v2\/users\/2"}],"replies":[{"embeddable":true,"href":"https:\/\/calleangosta.com\/ca\/wp-json\/wp\/v2\/comments?post=2716"}],"version-history":[{"count":1,"href":"https:\/\/calleangosta.com\/ca\/wp-json\/wp\/v2\/posts\/2716\/revisions"}],"predecessor-version":[{"id":6750,"href":"https:\/\/calleangosta.com\/ca\/wp-json\/wp\/v2\/posts\/2716\/revisions\/6750"}],"wp:attachment":[{"href":"https:\/\/calleangosta.com\/ca\/wp-json\/wp\/v2\/media?parent=2716"}],"wp:term":[{"taxonomy":"category","embeddable":true,"href":"https:\/\/calleangosta.com\/ca\/wp-json\/wp\/v2\/categories?post=2716"},{"taxonomy":"post_tag","embeddable":true,"href":"https:\/\/calleangosta.com\/ca\/wp-json\/wp\/v2\/tags?post=2716"}],"curies":[{"name":"wp","href":"https:\/\/api.w.org\/{rel}","templated":true}]}}