{"id":2717,"date":"2024-12-03T11:19:28","date_gmt":"2024-12-03T14:19:28","guid":{"rendered":"https:\/\/calleangosta.com\/ca\/?p=2717"},"modified":"2024-12-03T11:19:28","modified_gmt":"2024-12-03T14:19:28","slug":"oficializan-refuerzo-de-55-000-en-diciembre-para-quienes-cobran-la-jubilacion-minima","status":"publish","type":"post","link":"https:\/\/calleangosta.com\/ca\/oficializan-refuerzo-de-55-000-en-diciembre-para-quienes-cobran-la-jubilacion-minima\/","title":{"rendered":"Oficializan refuerzo de $ 55.000 en diciembre para quienes cobran la jubilaci\u00f3n m\u00ednima"},"content":{"rendered":"<p>El Gobierno formaliz\u00f3 el otorgamiento de un refuerzo de ingreso previsional por $ 55.000 para jubilados y pensionados que cobran el haber m\u00ednimo y que se abonar\u00e1 en diciembre, a trav\u00e9s del decreto 626\/2023 publicado hoy en el Bolet\u00edn Oficial.<\/p>\n<p><!--more--><\/p>\n<p>El mismo precis\u00f3 que el beneficio incluye tambi\u00e9n a beneficiarios y beneficiarias de la Pensi\u00f3n Universal para el Adulto Mayor (PUAM), pensiones no contributivas por vejez, invalidez, madres de siete hijos o hijas o m\u00e1s y dem\u00e1s pensiones no contributivas y pensiones graciables cuyo pago se encuentra a cargo de la Administraci\u00f3n Nacional de la Seguridad Social (Anses).<\/p>\n<p>Adem\u00e1s puntualiz\u00f3 que \u201cpara aquellos y aquellas titulares que, por la suma de los haberes de todas sus prestaciones vigentes, perciban un monto menor o igual a $ 105.712,61 el refuerzo de ingreso previsional ser\u00e1 equivalente a $ 55.000\u201d.<\/p>\n<p>\u201cY para aquellos y aquellas titulares que, por la suma de todas sus prestaciones vigentes, perciban un importe superior al precitado monto, el refuerzo de ingreso previsional ser\u00e1 igual a la cantidad necesaria hasta alcanzar la suma de $160.712,61\u201d, complet\u00f3 el decreto.<\/p>\n<p>En los considerandos, se destac\u00f3 que \u201cdesde 2022, producto de diversos factores, el pa\u00eds ha sufrido un alza acelerada del \u00edndice de precios, con especial incidencia en bienes de primera necesidad\u201d.<\/p>\n<p>Adem\u00e1s se subray\u00f3 que \u201cel aceleramiento de precios referido tiene una mayor afectaci\u00f3n en las personas de menores ingresos, para quienes es necesario generar herramientas de mayor acompa\u00f1amiento hasta tanto se estabilicen las variables macroecon\u00f3micas\u201d.<\/p>\n","protected":false},"excerpt":{"rendered":"<p>El Gobierno formaliz\u00f3 el otorgamiento de un refuerzo de ingreso previsional por $ 55.000 para jubilados y pensionados que cobran el haber m\u00ednimo y que se abonar\u00e1 en diciembre, a trav\u00e9s del decreto 626\/2023 publicado hoy en el Bolet\u00edn Oficial. El mismo precis\u00f3 que el beneficio incluye tambi\u00e9n a beneficiarios y beneficiarias de la Pensi\u00f3n &hellip;<\/p>\n","protected":false},"author":2,"featured_media":0,"comment_status":"open","ping_status":"open","sticky":false,"template":"","format":"standard","meta":{"advanced_seo_description":"","jetpack_seo_html_title":"","jetpack_seo_noindex":false,"_jetpack_memberships_contains_paid_content":false,"footnotes":"","jetpack_publicize_message":"","jetpack_publicize_feature_enabled":true,"jetpack_social_post_already_shared":false,"jetpack_social_options":{"image_generator_settings":{"template":"highway","default_image_id":0,"font":"","enabled":false},"version":2}},"categories":[6],"tags":[],"class_list":["post-2717","post","type-post","status-publish","format-standard","hentry","category-calle-angosta"],"jetpack_publicize_connections":[],"jetpack_featured_media_url":"","jetpack_sharing_enabled":true,"_links":{"self":[{"href":"https:\/\/calleangosta.com\/ca\/wp-json\/wp\/v2\/posts\/2717","targetHints":{"allow":["GET"]}}],"collection":[{"href":"https:\/\/calleangosta.com\/ca\/wp-json\/wp\/v2\/posts"}],"about":[{"href":"https:\/\/calleangosta.com\/ca\/wp-json\/wp\/v2\/types\/post"}],"author":[{"embeddable":true,"href":"https:\/\/calleangosta.com\/ca\/wp-json\/wp\/v2\/users\/2"}],"replies":[{"embeddable":true,"href":"https:\/\/calleangosta.com\/ca\/wp-json\/wp\/v2\/comments?post=2717"}],"version-history":[{"count":1,"href":"https:\/\/calleangosta.com\/ca\/wp-json\/wp\/v2\/posts\/2717\/revisions"}],"predecessor-version":[{"id":6749,"href":"https:\/\/calleangosta.com\/ca\/wp-json\/wp\/v2\/posts\/2717\/revisions\/6749"}],"wp:attachment":[{"href":"https:\/\/calleangosta.com\/ca\/wp-json\/wp\/v2\/media?parent=2717"}],"wp:term":[{"taxonomy":"category","embeddable":true,"href":"https:\/\/calleangosta.com\/ca\/wp-json\/wp\/v2\/categories?post=2717"},{"taxonomy":"post_tag","embeddable":true,"href":"https:\/\/calleangosta.com\/ca\/wp-json\/wp\/v2\/tags?post=2717"}],"curies":[{"name":"wp","href":"https:\/\/api.w.org\/{rel}","templated":true}]}}