{"id":2718,"date":"2024-12-03T11:19:22","date_gmt":"2024-12-03T14:19:22","guid":{"rendered":"https:\/\/calleangosta.com\/ca\/?p=2718"},"modified":"2024-12-03T11:19:22","modified_gmt":"2024-12-03T14:19:22","slug":"villa-mercedes-sera-sede-de-los-cuartos-de-final-de-la-copa-de-la-liga","status":"publish","type":"post","link":"https:\/\/calleangosta.com\/ca\/villa-mercedes-sera-sede-de-los-cuartos-de-final-de-la-copa-de-la-liga\/","title":{"rendered":"Villa Mercedes ser\u00e1 Sede de los Cuartos de Final de la Copa de la Liga"},"content":{"rendered":"<p>La emoci\u00f3n del f\u00fatbol de Primera Divisi\u00f3n llega a Villa Mercedes, que se ha confirmado como una de las sedes para los cuartos de final de la Copa de la Liga. Esta decisi\u00f3n resalta la importancia de la ciudad como epicentro deportivo y promete brindar a los aficionados encuentros llenos de emoci\u00f3n.<\/p>\n<p><!--more--><\/p>\n<p>El pr\u00f3ximo s\u00e1bado, San Luis y San Juan ser\u00e1n escenario de las primeras contiendas, mientras que el domingo la acci\u00f3n se trasladar\u00e1 a C\u00f3rdoba y Salta, con horarios a\u00fan por confirmar. Este lunes se completar\u00e1 la lista de equipos clasificados, lo que permitir\u00e1 definir los cruces y cerrar la etapa de clasificaci\u00f3n.<\/p>\n<p>Con el hashtag #ActivamosVillaMercedes, la comunidad local se prepara para recibir a los equipos y aficionados, creando un ambiente vibrante y festivo en torno a este importante evento deportivo. La inclusi\u00f3n de Villa Mercedes como sede subraya el compromiso de la ciudad con el deporte y su capacidad para albergar eventos de alto nivel.<\/p>\n<p>Los cuartos de final de la Copa de la Liga prometen ser jornadas intensas y llenas de emoci\u00f3n, y Villa Mercedes se enorgullece de formar parte de este emocionante cap\u00edtulo del f\u00fatbol argentino.<\/p>\n","protected":false},"excerpt":{"rendered":"<p>La emoci\u00f3n del f\u00fatbol de Primera Divisi\u00f3n llega a Villa Mercedes, que se ha confirmado como una de las sedes para los cuartos de final de la Copa de la Liga. Esta decisi\u00f3n resalta la importancia de la ciudad como epicentro deportivo y promete brindar a los aficionados encuentros llenos de emoci\u00f3n. El pr\u00f3ximo s\u00e1bado, &hellip;<\/p>\n","protected":false},"author":2,"featured_media":0,"comment_status":"open","ping_status":"open","sticky":false,"template":"","format":"standard","meta":{"advanced_seo_description":"","jetpack_seo_html_title":"","jetpack_seo_noindex":false,"_jetpack_memberships_contains_paid_content":false,"footnotes":"","jetpack_publicize_message":"","jetpack_publicize_feature_enabled":true,"jetpack_social_post_already_shared":false,"jetpack_social_options":{"image_generator_settings":{"template":"highway","default_image_id":0,"font":"","enabled":false},"version":2}},"categories":[6],"tags":[],"class_list":["post-2718","post","type-post","status-publish","format-standard","hentry","category-calle-angosta"],"jetpack_publicize_connections":[],"jetpack_featured_media_url":"","jetpack_sharing_enabled":true,"_links":{"self":[{"href":"https:\/\/calleangosta.com\/ca\/wp-json\/wp\/v2\/posts\/2718","targetHints":{"allow":["GET"]}}],"collection":[{"href":"https:\/\/calleangosta.com\/ca\/wp-json\/wp\/v2\/posts"}],"about":[{"href":"https:\/\/calleangosta.com\/ca\/wp-json\/wp\/v2\/types\/post"}],"author":[{"embeddable":true,"href":"https:\/\/calleangosta.com\/ca\/wp-json\/wp\/v2\/users\/2"}],"replies":[{"embeddable":true,"href":"https:\/\/calleangosta.com\/ca\/wp-json\/wp\/v2\/comments?post=2718"}],"version-history":[{"count":1,"href":"https:\/\/calleangosta.com\/ca\/wp-json\/wp\/v2\/posts\/2718\/revisions"}],"predecessor-version":[{"id":6748,"href":"https:\/\/calleangosta.com\/ca\/wp-json\/wp\/v2\/posts\/2718\/revisions\/6748"}],"wp:attachment":[{"href":"https:\/\/calleangosta.com\/ca\/wp-json\/wp\/v2\/media?parent=2718"}],"wp:term":[{"taxonomy":"category","embeddable":true,"href":"https:\/\/calleangosta.com\/ca\/wp-json\/wp\/v2\/categories?post=2718"},{"taxonomy":"post_tag","embeddable":true,"href":"https:\/\/calleangosta.com\/ca\/wp-json\/wp\/v2\/tags?post=2718"}],"curies":[{"name":"wp","href":"https:\/\/api.w.org\/{rel}","templated":true}]}}