{"id":2719,"date":"2024-12-03T11:19:20","date_gmt":"2024-12-03T14:19:20","guid":{"rendered":"https:\/\/calleangosta.com\/ca\/?p=2719"},"modified":"2024-12-03T11:19:20","modified_gmt":"2024-12-03T14:19:20","slug":"tragedia-en-pampa-de-las-salinas-femicida-murua-mata-a-otro-recluso-en-una-violenta-pelea","status":"publish","type":"post","link":"https:\/\/calleangosta.com\/ca\/tragedia-en-pampa-de-las-salinas-femicida-murua-mata-a-otro-recluso-en-una-violenta-pelea\/","title":{"rendered":"Tragedia en Pampa de las Salinas: Femicida Mur\u00faa Mata a Otro Recluso en una Violenta Pelea"},"content":{"rendered":"<p>En un oscuro episodio que agrega otro cap\u00edtulo a su tr\u00e1gico historial, Juan Jos\u00e9 Mur\u00faa, conocido por el femicidio de Brenda Arias y otro horrendo crimen en C\u00f3rdoba, ha protagonizado una nueva tragedia al asesinar a otro interno en el Complejo Penitenciario Pampa de las Salinas, donde cumple su condena a prisi\u00f3n perpetua.<\/p>\n<p><!--more--><\/p>\n<p>El lamentable suceso tuvo lugar el lunes alrededor de las 21:15 en la c\u00e1rcel de \u00abLa Botija\u00bb. Mur\u00faa, de 36 a\u00f1os, se vio involucrado en una pelea con Jonathan Aguirre, de 28 a\u00f1os, oriundo de San Mart\u00edn, Mendoza, y tambi\u00e9n interno en la prisi\u00f3n. Aguirre, condenado por homicidio doblemente calificado en grado de tentativa, llevaba desde marzo de 2018 tras las rejas.<\/p>\n<p>Seg\u00fan el relato del personal penitenciario, la trifulca se desencaden\u00f3 en el M\u00f3dulo A del complejo cuando Mur\u00faa ingres\u00f3 a la celda de Aguirre y lo atac\u00f3 con un objeto corto punzante. A pesar de los esfuerzos del personal de seguridad y la atenci\u00f3n m\u00e9dica inmediata, Aguirre sucumbi\u00f3 a las heridas apenas seis minutos despu\u00e9s de ingresar al \u00e1rea de sanidad.<\/p>\n<p>La fiscal de Instrucci\u00f3n N\u00ba 4, Antonella Romagnoli, ha tomado cartas en el asunto, ordenando la intervenci\u00f3n de la Divisi\u00f3n de Homicidios para llevar a cabo las investigaciones correspondientes. Este tr\u00e1gico incidente arroja luz sobre las condiciones en las c\u00e1rceles y plantea preguntas sobre la seguridad en estos entornos, donde la violencia parece no tener l\u00edmites.<\/p>\n","protected":false},"excerpt":{"rendered":"<p>En un oscuro episodio que agrega otro cap\u00edtulo a su tr\u00e1gico historial, Juan Jos\u00e9 Mur\u00faa, conocido por el femicidio de Brenda Arias y otro horrendo crimen en C\u00f3rdoba, ha protagonizado una nueva tragedia al asesinar a otro interno en el Complejo Penitenciario Pampa de las Salinas, donde cumple su condena a prisi\u00f3n perpetua. El lamentable &hellip;<\/p>\n","protected":false},"author":2,"featured_media":0,"comment_status":"open","ping_status":"open","sticky":false,"template":"","format":"standard","meta":{"advanced_seo_description":"","jetpack_seo_html_title":"","jetpack_seo_noindex":false,"_jetpack_memberships_contains_paid_content":false,"footnotes":"","jetpack_publicize_message":"","jetpack_publicize_feature_enabled":true,"jetpack_social_post_already_shared":false,"jetpack_social_options":{"image_generator_settings":{"template":"highway","default_image_id":0,"font":"","enabled":false},"version":2}},"categories":[6],"tags":[],"class_list":["post-2719","post","type-post","status-publish","format-standard","hentry","category-calle-angosta"],"jetpack_publicize_connections":[],"jetpack_featured_media_url":"","jetpack_sharing_enabled":true,"_links":{"self":[{"href":"https:\/\/calleangosta.com\/ca\/wp-json\/wp\/v2\/posts\/2719","targetHints":{"allow":["GET"]}}],"collection":[{"href":"https:\/\/calleangosta.com\/ca\/wp-json\/wp\/v2\/posts"}],"about":[{"href":"https:\/\/calleangosta.com\/ca\/wp-json\/wp\/v2\/types\/post"}],"author":[{"embeddable":true,"href":"https:\/\/calleangosta.com\/ca\/wp-json\/wp\/v2\/users\/2"}],"replies":[{"embeddable":true,"href":"https:\/\/calleangosta.com\/ca\/wp-json\/wp\/v2\/comments?post=2719"}],"version-history":[{"count":1,"href":"https:\/\/calleangosta.com\/ca\/wp-json\/wp\/v2\/posts\/2719\/revisions"}],"predecessor-version":[{"id":6747,"href":"https:\/\/calleangosta.com\/ca\/wp-json\/wp\/v2\/posts\/2719\/revisions\/6747"}],"wp:attachment":[{"href":"https:\/\/calleangosta.com\/ca\/wp-json\/wp\/v2\/media?parent=2719"}],"wp:term":[{"taxonomy":"category","embeddable":true,"href":"https:\/\/calleangosta.com\/ca\/wp-json\/wp\/v2\/categories?post=2719"},{"taxonomy":"post_tag","embeddable":true,"href":"https:\/\/calleangosta.com\/ca\/wp-json\/wp\/v2\/tags?post=2719"}],"curies":[{"name":"wp","href":"https:\/\/api.w.org\/{rel}","templated":true}]}}