{"id":2720,"date":"2024-12-03T11:19:15","date_gmt":"2024-12-03T14:19:15","guid":{"rendered":"https:\/\/calleangosta.com\/ca\/?p=2720"},"modified":"2024-12-03T11:19:15","modified_gmt":"2024-12-03T14:19:15","slug":"milei-se-reune-con-legisladores-de-la-libertad-avanza-en-el-hotel-libertador","status":"publish","type":"post","link":"https:\/\/calleangosta.com\/ca\/milei-se-reune-con-legisladores-de-la-libertad-avanza-en-el-hotel-libertador\/","title":{"rendered":"Milei se re\u00fane con legisladores de La Libertad Avanza en el Hotel Libertador"},"content":{"rendered":"<p>El presidente electo Javier Milei recibe esta ma\u00f1ana a legisladores electos de La Libertad Avanza (LLA), con quienes avanzar\u00e1 en las conversaciones para definir tanto la presidencia provisional del Senado como la titularidad de la C\u00e1mara de Diputados y analizar tambi\u00e9n los detalles de las leyes claves que impulsar\u00e1 el mandatario a partir del 10 de diciembre, cuando convoque a sesiones extraordinarias.<\/p>\n<p><!--more--><\/p>\n<p>El encuentro, que se desarrolla en el Hotel Libertador con la presencia de diputados y senadores electos de LLA, se realiza a pocas horas del regreso del presidente electo desde Estados Unidos, donde mantuvo reuniones con el consejero de Seguridad Nacional de la Casa Blanca, Jack Sullivan, y el asesor especial de la Casa Blanca para cuestiones de Am\u00e9rica Latina, Juan Gonz\u00e1lez.<\/p>\n<p>Al ingresar a la reuni\u00f3n, la diputada electa Marcela Pagano asegur\u00f3: \u00abVamos a escuchar en boca del presidente c\u00f3mo le fue\u00bb en su visita a Estados Unidos y precis\u00f3 que se trata de \u00abun d\u00eda del trabajo\u00bb.<\/p>\n<p>Al ser consultada en torno a la presidencia de la c\u00e1mara baja, Pagano dijo que \u00ablo que Javier considere va a estar bien\u00bb.<\/p>\n<p>\u00abEstamos todos trabajando para que Javier se sienta c\u00f3modo y seguro para lo que viene, que hay que enfrentar, no s\u00f3lo las leyes dif\u00edciles sino entender que hay que dar certezas\u00bb, asever\u00f3 la diputada electa a la prensa.<\/p>\n<p>Tambi\u00e9n, ingres\u00f3 temprano al hotel el excandidato a jefe de gobierno porte\u00f1o de LLA, Ramiro Marra, y poco despu\u00e9s lo hicieron la diputada electa Lilia Lemoine y el diputado electo Adri\u00e1n Menem, pero sin hacer declaraciones a la prensa, en medio de un dispositivo de seguridad.<\/p>\n<p>En tanto, en declaraciones a radio Splendid, el diputado electo de LLA, Oscar Zago, sostuvo que los legisladores de ese espacio \u00abestar\u00e1n a la altura de las circunstancias\u00bb en las negociaciones que se lleven a cabo con el prop\u00f3sito de lograr para ese espacio las presidencias de la C\u00e1mara baja y del Senado.<\/p>\n<p>\u00abA m\u00ed me tienen que ganar en el \u00faltimo round. En principio vamos a bregar porque sea un diputado nuestro quien conduzca la C\u00e1mara baja. Vamos a tratar de convencer no solo a los funcionarios nuestros, sino que tambi\u00e9n a los colegas de otros bloques para lograr el consenso suficiente\u00bb, se\u00f1al\u00f3 Zago.<\/p>\n<p>Las afirmaciones del legislador surgen en el marco de las negociaciones que entablan LLA y un sector de Juntos por el Cambio (JxC) para la elecci\u00f3n de las autoridades legislativas de cara a la asunci\u00f3n del nuevo gobierno, el pr\u00f3ximo 10 de diciembre.<\/p>\n<p>\u00abEn estas \u00faltimas dos semanas expresamos que el bloque de LLA tiene la intenci\u00f3n de ocupar, como se viene haciendo, la presidencia de las dos C\u00e1maras. Nosotros lo expresamos y el Presidente (electo, Javier Milei) y el ministro del Interior tuvieron conversaciones con algunos diputados\u00bb, afirm\u00f3.<\/p>\n<p>Esta ma\u00f1ana, la vicepresidenta Cristina Fern\u00e1ndez de Kirchner consider\u00f3 que tanto la presidencia provisional del Senado como la titularidad de la C\u00e1mara de Diputados le corresponden a un representante de La Libertad Avanza en virtud de los votos obtenidos en el balotaje que consagr\u00f3 a Javier Milei como nuevo presidente.<\/p>\n<p>\u00abAnoche, en la cena de despedida y bienvenida de Senadores y Senadoras dije, parafraseando al Presidente electo: basta con las operaciones de los micr\u00f3fonos ensobrados en cuanto a que el &#8216;kirchnerismo&#8217; o &#8216;Cristina&#8217; -cuando no&#8230;- quiere quedarse con las autoridades del Senado\u00bb, escribi\u00f3 esta ma\u00f1ana Fern\u00e1ndez de Kirchner en su cuenta de la red social X (antes Twitter).<\/p>\n<p>Y agreg\u00f3: \u00abManifest\u00e9 que sigo pensando exactamente lo mismo de siempre: tanto la Presidencia Provisional del Senado como la Presidencia de la C\u00e1mara de Diputados le corresponden a un o a una representante de La Libertad Avanza, fuerza pol\u00edtica que por amplia mayor\u00eda, en el balotaje del 19 de noviembre, obtuvo la representaci\u00f3n popular para desempe\u00f1arse al frente del Poder Ejecutivo\u00bb.<\/p>\n","protected":false},"excerpt":{"rendered":"<p>El presidente electo Javier Milei recibe esta ma\u00f1ana a legisladores electos de La Libertad Avanza (LLA), con quienes avanzar\u00e1 en las conversaciones para definir tanto la presidencia provisional del Senado como la titularidad de la C\u00e1mara de Diputados y analizar tambi\u00e9n los detalles de las leyes claves que impulsar\u00e1 el mandatario a partir del 10 &hellip;<\/p>\n","protected":false},"author":2,"featured_media":0,"comment_status":"open","ping_status":"open","sticky":false,"template":"","format":"standard","meta":{"advanced_seo_description":"","jetpack_seo_html_title":"","jetpack_seo_noindex":false,"_jetpack_memberships_contains_paid_content":false,"footnotes":"","jetpack_publicize_message":"","jetpack_publicize_feature_enabled":true,"jetpack_social_post_already_shared":false,"jetpack_social_options":{"image_generator_settings":{"template":"highway","default_image_id":0,"font":"","enabled":false},"version":2}},"categories":[6],"tags":[],"class_list":["post-2720","post","type-post","status-publish","format-standard","hentry","category-calle-angosta"],"jetpack_publicize_connections":[],"jetpack_featured_media_url":"","jetpack_sharing_enabled":true,"_links":{"self":[{"href":"https:\/\/calleangosta.com\/ca\/wp-json\/wp\/v2\/posts\/2720","targetHints":{"allow":["GET"]}}],"collection":[{"href":"https:\/\/calleangosta.com\/ca\/wp-json\/wp\/v2\/posts"}],"about":[{"href":"https:\/\/calleangosta.com\/ca\/wp-json\/wp\/v2\/types\/post"}],"author":[{"embeddable":true,"href":"https:\/\/calleangosta.com\/ca\/wp-json\/wp\/v2\/users\/2"}],"replies":[{"embeddable":true,"href":"https:\/\/calleangosta.com\/ca\/wp-json\/wp\/v2\/comments?post=2720"}],"version-history":[{"count":1,"href":"https:\/\/calleangosta.com\/ca\/wp-json\/wp\/v2\/posts\/2720\/revisions"}],"predecessor-version":[{"id":6746,"href":"https:\/\/calleangosta.com\/ca\/wp-json\/wp\/v2\/posts\/2720\/revisions\/6746"}],"wp:attachment":[{"href":"https:\/\/calleangosta.com\/ca\/wp-json\/wp\/v2\/media?parent=2720"}],"wp:term":[{"taxonomy":"category","embeddable":true,"href":"https:\/\/calleangosta.com\/ca\/wp-json\/wp\/v2\/categories?post=2720"},{"taxonomy":"post_tag","embeddable":true,"href":"https:\/\/calleangosta.com\/ca\/wp-json\/wp\/v2\/tags?post=2720"}],"curies":[{"name":"wp","href":"https:\/\/api.w.org\/{rel}","templated":true}]}}