{"id":2721,"date":"2024-12-03T11:19:12","date_gmt":"2024-12-03T14:19:12","guid":{"rendered":"https:\/\/calleangosta.com\/ca\/?p=2721"},"modified":"2024-12-03T11:19:12","modified_gmt":"2024-12-03T14:19:12","slug":"el-granizo-y-los-fuertes-vientos-generaron-destrozos-en-el-norte-de-san-luis","status":"publish","type":"post","link":"https:\/\/calleangosta.com\/ca\/el-granizo-y-los-fuertes-vientos-generaron-destrozos-en-el-norte-de-san-luis\/","title":{"rendered":"El granizo y los fuertes vientos generaron destrozos en el norte de San Luis"},"content":{"rendered":"<p>Veh\u00edculos da\u00f1ados, vidrios de viviendas y comercios rotos, voladuras de techos y ca\u00edda de \u00e1rboles fue el saldo que dej\u00f3 una tormenta que se desat\u00f3 en la tarde-noche de ayer en el norte de la Provincia de San Luis, luego de una jornada de calor intenso en toda la provincia.<\/p>\n<p><!--more--><\/p>\n<p>El granizo de gran tama\u00f1o que azot\u00f3 a la localidad de Luj\u00e1n, ubicada a 120 kil\u00f3metros al norte de la Capital de San Luis, fue retratado en la red social con tama\u00f1os comparados a una pelota de f\u00fatbol 5 que junto a vientos extremos pusieron en alerta a los vecinos del lugar y provocaron destrozos.<\/p>\n<p>Seg\u00fan informaron medios de la localidad del norte provincial, el fen\u00f3meno clim\u00e1tico se desat\u00f3 alrededor de las 20 horas, con abundante ca\u00edda de agua, fuertes r\u00e1fagas de viento y granizo de gran tama\u00f1o.<\/p>\n<p>Personal municipal y del cuartel de Bomberos Voluntarios locales, Edesal, efectivos de la Comisar\u00eda local, la Polic\u00eda Ciudadana y la brigada ambiental, entre otros, realizaron un recorrido por el pueblo para evaluar los da\u00f1os ocasionados.<\/p>\n<p>El relevamiento arroj\u00f3 que hubo voladura de un techo en una vivienda, da\u00f1os en varios veh\u00edculos, roturas de vidrios de varias viviendas y comercios del centro y zonas aleda\u00f1as, como tambi\u00e9n ca\u00edda de \u00e1rboles, postes y cables del tendido el\u00e9ctrico, lo que provoc\u00f3 cortes de luz en distintos sectores y tambi\u00e9n resultaron afectadas las l\u00edneas de telefon\u00eda<\/p>\n<p>En la Villa de Merlo, en el l\u00edmite con la provincia de C\u00f3rdoba, se anegaron calles y se inund\u00f3 una vivienda. Si bien el agua ca\u00edda no alcanz\u00f3 a alimentar los cauces de r\u00edos y arroyos se pidi\u00f3 transitar con precauci\u00f3n en esa ciudad ya que hay arterias con restos de piedra y arena.<\/p>\n<p>Seg\u00fan el Servicio Meteorol\u00f3gico nacional, hoy el cielo iniciar\u00e1 mayormente nublado con probabilidad de lluvias y tormentas aisladas, algunas localmente fuertes, principalmente en las regiones centro y norte provincial.<\/p>\n<p>A medida que avance el sistema frontal la nubosidad ir\u00e1 cediendo y desde la tarde el firmamento estar\u00e1 mayormente despejado.<\/p>\n","protected":false},"excerpt":{"rendered":"<p>Veh\u00edculos da\u00f1ados, vidrios de viviendas y comercios rotos, voladuras de techos y ca\u00edda de \u00e1rboles fue el saldo que dej\u00f3 una tormenta que se desat\u00f3 en la tarde-noche de ayer en el norte de la Provincia de San Luis, luego de una jornada de calor intenso en toda la provincia. El granizo de gran tama\u00f1o &hellip;<\/p>\n","protected":false},"author":2,"featured_media":0,"comment_status":"open","ping_status":"open","sticky":false,"template":"","format":"standard","meta":{"advanced_seo_description":"","jetpack_seo_html_title":"","jetpack_seo_noindex":false,"_jetpack_memberships_contains_paid_content":false,"footnotes":"","jetpack_publicize_message":"","jetpack_publicize_feature_enabled":true,"jetpack_social_post_already_shared":false,"jetpack_social_options":{"image_generator_settings":{"template":"highway","default_image_id":0,"font":"","enabled":false},"version":2}},"categories":[6],"tags":[],"class_list":["post-2721","post","type-post","status-publish","format-standard","hentry","category-calle-angosta"],"jetpack_publicize_connections":[],"jetpack_featured_media_url":"","jetpack_sharing_enabled":true,"_links":{"self":[{"href":"https:\/\/calleangosta.com\/ca\/wp-json\/wp\/v2\/posts\/2721","targetHints":{"allow":["GET"]}}],"collection":[{"href":"https:\/\/calleangosta.com\/ca\/wp-json\/wp\/v2\/posts"}],"about":[{"href":"https:\/\/calleangosta.com\/ca\/wp-json\/wp\/v2\/types\/post"}],"author":[{"embeddable":true,"href":"https:\/\/calleangosta.com\/ca\/wp-json\/wp\/v2\/users\/2"}],"replies":[{"embeddable":true,"href":"https:\/\/calleangosta.com\/ca\/wp-json\/wp\/v2\/comments?post=2721"}],"version-history":[{"count":1,"href":"https:\/\/calleangosta.com\/ca\/wp-json\/wp\/v2\/posts\/2721\/revisions"}],"predecessor-version":[{"id":6745,"href":"https:\/\/calleangosta.com\/ca\/wp-json\/wp\/v2\/posts\/2721\/revisions\/6745"}],"wp:attachment":[{"href":"https:\/\/calleangosta.com\/ca\/wp-json\/wp\/v2\/media?parent=2721"}],"wp:term":[{"taxonomy":"category","embeddable":true,"href":"https:\/\/calleangosta.com\/ca\/wp-json\/wp\/v2\/categories?post=2721"},{"taxonomy":"post_tag","embeddable":true,"href":"https:\/\/calleangosta.com\/ca\/wp-json\/wp\/v2\/tags?post=2721"}],"curies":[{"name":"wp","href":"https:\/\/api.w.org\/{rel}","templated":true}]}}