{"id":2722,"date":"2024-12-03T11:19:08","date_gmt":"2024-12-03T14:19:08","guid":{"rendered":"https:\/\/calleangosta.com\/ca\/?p=2722"},"modified":"2024-12-03T11:19:08","modified_gmt":"2024-12-03T14:19:08","slug":"la-salida-no-es-volviendo-a-endeudar-a-la-argentina-cuestiono-de-mendiguren","status":"publish","type":"post","link":"https:\/\/calleangosta.com\/ca\/la-salida-no-es-volviendo-a-endeudar-a-la-argentina-cuestiono-de-mendiguren\/","title":{"rendered":"\u00abLa salida no es volviendo a endeudar a la Argentina\u00bb, cuestion\u00f3 De Mendiguren"},"content":{"rendered":"<p>El secretario de Industria y Desarrollo Productivo, Jos\u00e9 Ignacio de Mendiguren, critic\u00f3 hoy la designaci\u00f3n de Luis Caputo como ministro de Econom\u00eda del presidente electo, Javier Milei, y afirm\u00f3 que \u00abla salida no es volviendo a endeudar a la Argentina\u00bb.<\/p>\n<p><!--more--><\/p>\n<p>\u00abSi tengo que hablar como un industrial, la verdad que me preocupa. Hay antecedentes de un perfil absolutamente financiero cuando creo que el problema en Argentina no es financiero sino econ\u00f3mico. No escuch\u00e9 una sola palabra que hable de producci\u00f3n e industria y volvemos otra vez al eje de valorizaci\u00f3n financiera\u00bb, manifest\u00f3 De Mendiguren esta ma\u00f1ana en di\u00e1logo con FM Delta.<\/p>\n<p>Indic\u00f3 que durante la gesti\u00f3n de Caputo \u00abno hubo un solo \u00edndice en que nos fuera bien\u00bb.<\/p>\n<p>\u00abPunta a punta, la industria cay\u00f3 14% y no hubo un solo sector industrial que terminara 2019 mejor que en 2015. Desde las finanzas, que es la especialidad de ellos, nos dejaron una deuda absolutamente impagable con el Fondo Monetario Internacional (FMI) y, adem\u00e1s, el pa\u00eds defaulteado en pesos. Desde lo productivo, es contundente el resultado negativo y, desde lo financiero, nos dejaron defaulteados\u00bb, evalu\u00f3 el secretario.<\/p>\n<p>Record\u00f3 que, meses atr\u00e1s, Milei \u00abdijo que el propio Caputo se hab\u00eda fumado US$ 15.000 millones que se fue a financiar la fuga de capitales\u00bb.<\/p>\n<p>\u00abLa salida no es volviendo a endeudar a la Argentina\u00bb, enfatiz\u00f3.<\/p>\n<p>De todos modos, subray\u00f3 que \u00abhubo un ganador de las elecciones, de forma absolutamente legitima, por un amplio margen y que tiene la legitimidad que le dio el voto para poder elegir el camino que crea conveniente\u00bb.<\/p>\n<p>\u00abPongo todas mis fichas a que le vaya muy bien a Milei. Lo que yo pienso es que un pa\u00eds como la Argentina sale a trav\u00e9s de liberar su energ\u00eda productiva\u00bb, asever\u00f3.<\/p>\n<p>En ese sentido, compar\u00f3 la plataforma del presidente electo con la del excandidato presidencial de Uni\u00f3n por la Patria (UxP), Sergio Massa.<\/p>\n<p>\u00abNosotros con Sergio Massa la propuesta que ten\u00edamos era un acuerdo pol\u00edtico y un fuerte impulso a todas las exportaciones argentinas para salir de esta situaci\u00f3n de forma virtuosa a trav\u00e9s del crecimiento. En 2002 hicimos un acuerdo pol\u00edtico donde apostamos por la producci\u00f3n y, gracias a esa definici\u00f3n, Argentina pas\u00f3 de la peor crisis social, pol\u00edtica y econ\u00f3mica al periodo de crecimiento m\u00e1s largo de la historia de 2002 a 2011\u00bb, record\u00f3.<\/p>\n<p>De Mendiguren se\u00f1al\u00f3 que, en ese entones, \u00ablos argentinos desatesoraron US$ 17.500 millones\u00bb.<\/p>\n<p>\u00abLos argentinos, por distintas razones, tienen un PBI entero ahorrado. Nuestra esperanza era seducir a esos capitales para que los inviertan, antes de seducir a los fondos de pensi\u00f3n extranjeros donde ya sabemos cu\u00e1les son las consecuencias\u00bb, se\u00f1al\u00f3.<\/p>\n<p>Comparando ambas posturas, se\u00f1al\u00f3 que \u00abla producci\u00f3n es como un \u00e1rbol mientras que las finanzas y el financierismo son la sombra\u00bb.<\/p>\n<p>\u00abAc\u00e1 en Argentina mucha gente riega la sombra y se le seca el \u00e1rbol. Estamos seguros que haciendo lo que hab\u00edamos planteado con un acuerdo pol\u00edtico y la cantidad de negocios extraordinarios que va a tener Argentina en agroindustria, petr\u00f3leo, gas y miner\u00eda, al pa\u00eds la plata en poco tiempo le iba a sobrar\u00bb, manifest\u00f3 el funcionario.<\/p>\n<p>Por \u00faltimo, indic\u00f3 que en su \u00e1rea ya se encararon reuniones de transici\u00f3n y que habr\u00e1 una auditor\u00eda de la Universidad de Buenos Aires (UBA) pero que, en muchos casos, \u00abte dicen que todav\u00eda no saben si est\u00e1n nombrados en sus cargos\u00bb.<\/p>\n<p>\u00abHay \u00e1reas que son cr\u00edticas y no se puede dar informaci\u00f3n como en Finanzas a alguien que no est\u00e1 formalmente efectivo. (El ministro de Econom\u00eda) Sergio Massa nos reuni\u00f3 ayer a todo el equipo econ\u00f3mico para ver c\u00f3mo ven\u00eda la transici\u00f3n y reiterar que estamos abiertos todos los organismos para dar esa transici\u00f3n de forma tranquila; pero hay muchos sectores donde ni siquiera se presentaron todav\u00eda\u00bb, indic\u00f3 De Mendiguren.<\/p>\n","protected":false},"excerpt":{"rendered":"<p>El secretario de Industria y Desarrollo Productivo, Jos\u00e9 Ignacio de Mendiguren, critic\u00f3 hoy la designaci\u00f3n de Luis Caputo como ministro de Econom\u00eda del presidente electo, Javier Milei, y afirm\u00f3 que \u00abla salida no es volviendo a endeudar a la Argentina\u00bb. \u00abSi tengo que hablar como un industrial, la verdad que me preocupa. Hay antecedentes de &hellip;<\/p>\n","protected":false},"author":2,"featured_media":0,"comment_status":"open","ping_status":"open","sticky":false,"template":"","format":"standard","meta":{"advanced_seo_description":"","jetpack_seo_html_title":"","jetpack_seo_noindex":false,"_jetpack_memberships_contains_paid_content":false,"footnotes":"","jetpack_publicize_message":"","jetpack_publicize_feature_enabled":true,"jetpack_social_post_already_shared":false,"jetpack_social_options":{"image_generator_settings":{"template":"highway","default_image_id":0,"font":"","enabled":false},"version":2}},"categories":[6],"tags":[],"class_list":["post-2722","post","type-post","status-publish","format-standard","hentry","category-calle-angosta"],"jetpack_publicize_connections":[],"jetpack_featured_media_url":"","jetpack_sharing_enabled":true,"_links":{"self":[{"href":"https:\/\/calleangosta.com\/ca\/wp-json\/wp\/v2\/posts\/2722","targetHints":{"allow":["GET"]}}],"collection":[{"href":"https:\/\/calleangosta.com\/ca\/wp-json\/wp\/v2\/posts"}],"about":[{"href":"https:\/\/calleangosta.com\/ca\/wp-json\/wp\/v2\/types\/post"}],"author":[{"embeddable":true,"href":"https:\/\/calleangosta.com\/ca\/wp-json\/wp\/v2\/users\/2"}],"replies":[{"embeddable":true,"href":"https:\/\/calleangosta.com\/ca\/wp-json\/wp\/v2\/comments?post=2722"}],"version-history":[{"count":1,"href":"https:\/\/calleangosta.com\/ca\/wp-json\/wp\/v2\/posts\/2722\/revisions"}],"predecessor-version":[{"id":6744,"href":"https:\/\/calleangosta.com\/ca\/wp-json\/wp\/v2\/posts\/2722\/revisions\/6744"}],"wp:attachment":[{"href":"https:\/\/calleangosta.com\/ca\/wp-json\/wp\/v2\/media?parent=2722"}],"wp:term":[{"taxonomy":"category","embeddable":true,"href":"https:\/\/calleangosta.com\/ca\/wp-json\/wp\/v2\/categories?post=2722"},{"taxonomy":"post_tag","embeddable":true,"href":"https:\/\/calleangosta.com\/ca\/wp-json\/wp\/v2\/tags?post=2722"}],"curies":[{"name":"wp","href":"https:\/\/api.w.org\/{rel}","templated":true}]}}