{"id":2723,"date":"2024-12-03T11:19:00","date_gmt":"2024-12-03T14:19:00","guid":{"rendered":"https:\/\/calleangosta.com\/ca\/?p=2723"},"modified":"2024-12-03T11:19:00","modified_gmt":"2024-12-03T14:19:00","slug":"mondino-reitero-que-scioli-puede-quedar-en-comision-al-frente-de-la-embajada-argentina-en-brasil","status":"publish","type":"post","link":"https:\/\/calleangosta.com\/ca\/mondino-reitero-que-scioli-puede-quedar-en-comision-al-frente-de-la-embajada-argentina-en-brasil\/","title":{"rendered":"Mondino reiter\u00f3 que Scioli \u00abpuede quedar en comisi\u00f3n\u00bb al frente de la embajada argentina en Brasil"},"content":{"rendered":"<p><strong><\/strong>La designada canciller Diana Mondino reiter\u00f3 hoy que el embajador argentino en Brasil, Daniel Scioli, puede continuar en el cargo \u00aben comisi\u00f3n\u00bb durante el gobierno del electo presidente Javier Milei, al menos hasta que \u00abhaya un nombramiento definitivo\u00bb.<\/p>\n<p><!--more--><\/p>\n<p>\u00abComo funcionario pol\u00edtico, (Scioli) termina (sus funciones) el 10 de diciembre pr\u00f3ximo. Evidentemente hay una muy buena predisposici\u00f3n, no quiero decir pedido, de Brasil. Hay una excelente relaci\u00f3n y \u00e9l, como muchos otros embajadores, pueden quedar en comisi\u00f3n hasta que haya un nombramiento definitivo. No podemos dejar la embajada en Brasil sin que alguien atienda el tel\u00e9fono\u00bb, explic\u00f3 Mondino.<\/p>\n<p>Esta ma\u00f1ana, en declaraciones radiales al arribar al pa\u00eds desde Estados Unidos, Milei confirm\u00f3 que Scioli continuar\u00e1 en el cargo, mientras que tambi\u00e9n anuncio que Gerardo Werthein ser\u00e1 en el embajador argentino en Washington.<\/p>\n<p>En tanto, en di\u00e1logo con Radio Mitre, la futura ministra de Relaciones Exteriores destac\u00f3 positivamente la presencia de Scioli durante la reuni\u00f3n que este domingo mantuvo en Brasilia con el canciller del vecino pa\u00eds, Mauro Vieira.<\/p>\n<p>Mondino consider\u00f3 que el encuentro mantenido el fin de semana fue \u00abimportante para desarticular\u00bb las afirmaciones acerca de que el gobierno de Milei \u00abromper\u00eda relaciones con Brasil\u00bb.<\/p>\n<p>\u00abEso ha sido y ser\u00e1 un disparate porque estamos, geogr\u00e1ficamente, uno al lado del otro\u00bb, sostuvo la futura funcionaria.<\/p>\n<p>Cuatro d\u00edas antes del balotaje que lo consagr\u00f3 presidente, Milei asisti\u00f3 a una reuni\u00f3n con empresarios y all\u00ed expres\u00f3: \u00abNo quiero saber nada con comunistas. Eso no quiere decir que como privados no puedan comercializar con China o Brasil, (pero) no voy a estar aliado con ellos\u00bb, dijo ante el Consejo Interamericano de Comercio y Producci\u00f3n (CICyP).<\/p>\n<p>Mondino, en tanto, mencion\u00f3 que la Argentina y Brasil, como socios del Mercosur junto a Paraguay y Uruguay, est\u00e1n \u00abmuy cerca de la posibilidad de la firma de un acuerdo con la Uni\u00f3n Europea\u00bb, aunque no dio m\u00e1s detalles al respecto.<\/p>\n<p>\u00abHay un mont\u00f3n de temas que hay que dejarlos listos y hemos avanzado sorprendentemente mucho\u00bb sobre ellos, coment\u00f3 Mondino acerca del v\u00ednculo con Brasil.<\/p>\n<p>La designada canciller, por su parte, evit\u00f3 confirmar si el presidente brasile\u00f1o, Luiz In\u00e1cio Lula da Silva, asistir\u00e1 a la ceremonia de asunci\u00f3n del electo presidente Milei, pese a que personalmente le entreg\u00f3 una invitaci\u00f3n a tal fin por medio del canciller Vieira.<\/p>\n<p>\u00abEst\u00e1 invitado Lula y muy especialmente estamos invitando a todos los jefes de Estado de la regi\u00f3n. Para un jefe de Estado no es nada f\u00e1cil organizar su agenda\u00bb, explic\u00f3.<\/p>\n<p>Por su parte, Mondino sostuvo que el empresario Gerardo Werthein \u00abes considerado\u00bb para desempe\u00f1arse como embajador argentino en los Estados Unidos, tanto que acompa\u00f1\u00f3 al electo mandatario en su gira por el pa\u00eds norteamericano. \u00abYo no lo confirmo, pero ustedes tienen ojos para ver\u00bb, sugiri\u00f3.<\/p>\n<p>La designada canciller, en tanto, asegur\u00f3 que al frente del cargo buscar\u00e1 \u00abfacilitar las inversiones extranjeras\u00bb y \u00ababrir la Argentina al mundo para facilitar el comercio internacional\u00bb.<\/p>\n<p>Con ese objetivo, destac\u00f3 que el Gobierno intentar\u00e1 \u00abeliminar lo m\u00e1s r\u00e1pido posible\u00bb el Sistema de Importaciones de la Rep\u00fablica Argentina (SIRA), el instrumento que facilita el intercambio de informaci\u00f3n con los organismos externos que participan en el desaduanamiento de las mercader\u00edas.<\/p>\n<p>Adem\u00e1s, indic\u00f3 que el futuro gobierno buscar\u00e1 relacionarse con pa\u00edses y regiones que tienen \u00abdemocracias liberales\u00bb, entre los que mencion\u00f3 a \u00abEstados Unidos, Israel y Europa\u00bb.<\/p>\n","protected":false},"excerpt":{"rendered":"<p>La designada canciller Diana Mondino reiter\u00f3 hoy que el embajador argentino en Brasil, Daniel Scioli, puede continuar en el cargo \u00aben comisi\u00f3n\u00bb durante el gobierno del electo presidente Javier Milei, al menos hasta que \u00abhaya un nombramiento definitivo\u00bb. \u00abComo funcionario pol\u00edtico, (Scioli) termina (sus funciones) el 10 de diciembre pr\u00f3ximo. Evidentemente hay una muy buena &hellip;<\/p>\n","protected":false},"author":2,"featured_media":0,"comment_status":"open","ping_status":"open","sticky":false,"template":"","format":"standard","meta":{"advanced_seo_description":"","jetpack_seo_html_title":"","jetpack_seo_noindex":false,"_jetpack_memberships_contains_paid_content":false,"footnotes":"","jetpack_publicize_message":"","jetpack_publicize_feature_enabled":true,"jetpack_social_post_already_shared":false,"jetpack_social_options":{"image_generator_settings":{"template":"highway","default_image_id":0,"font":"","enabled":false},"version":2}},"categories":[6],"tags":[],"class_list":["post-2723","post","type-post","status-publish","format-standard","hentry","category-calle-angosta"],"jetpack_publicize_connections":[],"jetpack_featured_media_url":"","jetpack_sharing_enabled":true,"_links":{"self":[{"href":"https:\/\/calleangosta.com\/ca\/wp-json\/wp\/v2\/posts\/2723","targetHints":{"allow":["GET"]}}],"collection":[{"href":"https:\/\/calleangosta.com\/ca\/wp-json\/wp\/v2\/posts"}],"about":[{"href":"https:\/\/calleangosta.com\/ca\/wp-json\/wp\/v2\/types\/post"}],"author":[{"embeddable":true,"href":"https:\/\/calleangosta.com\/ca\/wp-json\/wp\/v2\/users\/2"}],"replies":[{"embeddable":true,"href":"https:\/\/calleangosta.com\/ca\/wp-json\/wp\/v2\/comments?post=2723"}],"version-history":[{"count":1,"href":"https:\/\/calleangosta.com\/ca\/wp-json\/wp\/v2\/posts\/2723\/revisions"}],"predecessor-version":[{"id":6743,"href":"https:\/\/calleangosta.com\/ca\/wp-json\/wp\/v2\/posts\/2723\/revisions\/6743"}],"wp:attachment":[{"href":"https:\/\/calleangosta.com\/ca\/wp-json\/wp\/v2\/media?parent=2723"}],"wp:term":[{"taxonomy":"category","embeddable":true,"href":"https:\/\/calleangosta.com\/ca\/wp-json\/wp\/v2\/categories?post=2723"},{"taxonomy":"post_tag","embeddable":true,"href":"https:\/\/calleangosta.com\/ca\/wp-json\/wp\/v2\/tags?post=2723"}],"curies":[{"name":"wp","href":"https:\/\/api.w.org\/{rel}","templated":true}]}}