{"id":2724,"date":"2024-12-03T11:18:58","date_gmt":"2024-12-03T14:18:58","guid":{"rendered":"https:\/\/calleangosta.com\/ca\/?p=2724"},"modified":"2024-12-03T11:18:58","modified_gmt":"2024-12-03T14:18:58","slug":"javier-milei-adelanto-que-ya-estan-todos-definidos-los-miembros-del-gabinete","status":"publish","type":"post","link":"https:\/\/calleangosta.com\/ca\/javier-milei-adelanto-que-ya-estan-todos-definidos-los-miembros-del-gabinete\/","title":{"rendered":"Javier Milei adelant\u00f3 que \u201cya est\u00e1n todos definidos\u201d los miembros del Gabinete"},"content":{"rendered":"<p>El presidente electo Javier Milei adelant\u00f3 hoy que los integrantes del pr\u00f3ximo gabinete \u201cya est\u00e1n todos definidos\u201d pero sus nombres \u201cse conocer\u00e1n oportunamente\u201d, por \u201cuna cuesti\u00f3n estrat\u00e9gica\u201d, el d\u00eda de su asunci\u00f3n, el pr\u00f3ximo 10 de diciembre.<\/p>\n<p><!--more--><\/p>\n<p>\u201cYa est\u00e1 todo definido solo es cuesti\u00f3n de esperar para anunciar las cosas. Es una cuesti\u00f3n estrat\u00e9gica de cuando se anuncian las cosas\u201d, afirm\u00f3 esta tarde en declaraciones al programa El Observador FM 107.9.<\/p>\n<p>Al regresar esta ma\u00f1ana de su gira por Estados Unidos, Milei confirm\u00f3 que el pr\u00f3ximo ministro de Econom\u00eda ser\u00e1 Luis \u2018Toto\u2019 Caputo, al tiempo que anunci\u00f3 que Daniel Scioli seguir\u00e1 siendo el embajador en Brasil mientras que Gerardo Werthein ser\u00e1 embajador en Washington.<\/p>\n<p>Consultado sobre qui\u00e9n ser\u00eda el vocero presidencial, Milei no quiso confirmar si ser\u00e1 el analista y consultor econ\u00f3mico Manuel Adorni, tal como mencionan versiones period\u00edsticas.<\/p>\n<p>\u201cEstamos trabajando para poner all\u00ed a una persona que est\u00e9 a la altura de las circunstancias\u201d, dijo sobre el reemplazante de la periodista Gabriela Cerruti<\/p>\n<p>En cuanto a las precisiones sobre la conformaci\u00f3n del organigrama del Estado, el mandatario electo sostuvo que \u201cla Secretar\u00eda de Comercio Interior no tiene que hacer eso de regular precios. Me parece una aberraci\u00f3n eso. Voy a liberar todos precios que pueda, porque hay algunos que todav\u00eda no puedo por las bombas que dej\u00f3 este gobierno\u201d.<\/p>\n<p>Sobre el pr\u00f3ximo presidente de la C\u00e1mara de Diputados, el l\u00edder de La Libertad Avanza (LLA) dijo que el futuro ministro del Interior, Guillermo Francos, \u201cest\u00e1 trabajando sobre eso\u201d pero no quiso confirmar nombres.<\/p>\n<p>Tampoco quiso adelantar los nombres del presidente del Banco Central, el titular de la AFIP y la AFI, y del pr\u00f3ximo titular del ministerio de Defensa, pero aclar\u00f3 que \u00abya est\u00e1n definidos\u00bb.<\/p>\n<p>Con respecto al rol que podr\u00eda ocupar el economista Federico Sturzenegger a cargo del futuro ministerio de Modernizaci\u00f3n, Milei se\u00f1al\u00f3: \u201cMe gustar\u00eda que forme parte de nuestro equipo porque tengo una gran valoraci\u00f3n personal por \u00e9l y adem\u00e1s porque hizo una obra de arte con las desregulaciones. Ojal\u00e1 lo pueda incorporar. Ser\u00eda un gran aporte\u201d.<\/p>\n<p>En cuanto a la continuidad de Daniel Scioli como embajador argentino en Brasil, consider\u00f3 que el dirigente justicialista \u201cha hecho un muy buen trabajo en la embajada. El presidente Alberto Fern\u00e1ndez era muy hostil con las definiciones contra \u2013el ex presidente brasile\u00f1o- (Jair) Bolsonaro, pero Scioli logr\u00f3 igual pilotear la situaci\u00f3n\u201d.<\/p>\n<p>Finalmente, Milei adelant\u00f3 que \u201cen \u00e1rea muy delicadas vamos a poner dirigentes con perfiles t\u00e9cnicos\u201d.<\/p>\n","protected":false},"excerpt":{"rendered":"<p>El presidente electo Javier Milei adelant\u00f3 hoy que los integrantes del pr\u00f3ximo gabinete \u201cya est\u00e1n todos definidos\u201d pero sus nombres \u201cse conocer\u00e1n oportunamente\u201d, por \u201cuna cuesti\u00f3n estrat\u00e9gica\u201d, el d\u00eda de su asunci\u00f3n, el pr\u00f3ximo 10 de diciembre. \u201cYa est\u00e1 todo definido solo es cuesti\u00f3n de esperar para anunciar las cosas. Es una cuesti\u00f3n estrat\u00e9gica de &hellip;<\/p>\n","protected":false},"author":2,"featured_media":0,"comment_status":"open","ping_status":"open","sticky":false,"template":"","format":"standard","meta":{"advanced_seo_description":"","jetpack_seo_html_title":"","jetpack_seo_noindex":false,"_jetpack_memberships_contains_paid_content":false,"footnotes":"","jetpack_publicize_message":"","jetpack_publicize_feature_enabled":true,"jetpack_social_post_already_shared":false,"jetpack_social_options":{"image_generator_settings":{"template":"highway","default_image_id":0,"font":"","enabled":false},"version":2}},"categories":[6],"tags":[],"class_list":["post-2724","post","type-post","status-publish","format-standard","hentry","category-calle-angosta"],"jetpack_publicize_connections":[],"jetpack_featured_media_url":"","jetpack_sharing_enabled":true,"_links":{"self":[{"href":"https:\/\/calleangosta.com\/ca\/wp-json\/wp\/v2\/posts\/2724","targetHints":{"allow":["GET"]}}],"collection":[{"href":"https:\/\/calleangosta.com\/ca\/wp-json\/wp\/v2\/posts"}],"about":[{"href":"https:\/\/calleangosta.com\/ca\/wp-json\/wp\/v2\/types\/post"}],"author":[{"embeddable":true,"href":"https:\/\/calleangosta.com\/ca\/wp-json\/wp\/v2\/users\/2"}],"replies":[{"embeddable":true,"href":"https:\/\/calleangosta.com\/ca\/wp-json\/wp\/v2\/comments?post=2724"}],"version-history":[{"count":1,"href":"https:\/\/calleangosta.com\/ca\/wp-json\/wp\/v2\/posts\/2724\/revisions"}],"predecessor-version":[{"id":6742,"href":"https:\/\/calleangosta.com\/ca\/wp-json\/wp\/v2\/posts\/2724\/revisions\/6742"}],"wp:attachment":[{"href":"https:\/\/calleangosta.com\/ca\/wp-json\/wp\/v2\/media?parent=2724"}],"wp:term":[{"taxonomy":"category","embeddable":true,"href":"https:\/\/calleangosta.com\/ca\/wp-json\/wp\/v2\/categories?post=2724"},{"taxonomy":"post_tag","embeddable":true,"href":"https:\/\/calleangosta.com\/ca\/wp-json\/wp\/v2\/tags?post=2724"}],"curies":[{"name":"wp","href":"https:\/\/api.w.org\/{rel}","templated":true}]}}