{"id":2725,"date":"2024-12-03T11:18:56","date_gmt":"2024-12-03T14:18:56","guid":{"rendered":"https:\/\/calleangosta.com\/ca\/?p=2725"},"modified":"2024-12-03T11:18:56","modified_gmt":"2024-12-03T14:18:56","slug":"advierten-el-impacto-de-los-estereotipos-de-las-redes-sociales-en-los-trastornos-alimentarios","status":"publish","type":"post","link":"https:\/\/calleangosta.com\/ca\/advierten-el-impacto-de-los-estereotipos-de-las-redes-sociales-en-los-trastornos-alimentarios\/","title":{"rendered":"Advierten el impacto de los estereotipos de las redes sociales en los trastornos alimentarios"},"content":{"rendered":"<p>Especialistas alertan que la insatisfacci\u00f3n con la imagen corporal es cada vez m\u00e1s un \u201cmalestar generalizado\u201d, fuertemente ligado al \u201cideal de belleza\u201d que predomina en redes sociales, lo que puede derivar en \u201ccomportamientos nocivos\u201d como trastornos de la conducta alimentaria (TCA), que consideraron \u201cuno de los problemas de salud p\u00fablica m\u00e1s graves\u201d en la actualidad, en el D\u00eda Internacional de la Lucha contra estas patolog\u00edas.<\/p>\n<p><!--more--><\/p>\n<p>\u201cLa insatisfacci\u00f3n con la imagen corporal es un factor importante en la g\u00e9nesis, desencadenamiento y mantenimiento de los TCA. En su n\u00facleo se encuentra una relaci\u00f3n negativa con nuestro propio cuerpo\u201d, explic\u00f3 a T\u00e9lam Jesica Lavia, nutricionista egresada de la Universidad Nacional de Buenos Aires y autora de los libros &#8216;Pese lo que pese&#8217; y &#8216;Sobrevivir a un mundo gordof\u00f3bico&#8217;.<\/p>\n<p>\u00abEl ideal de cuerpo delgado es un ejemplo de un detonador cultural asociado a un riesgo aumentado de desarrollar trastornos de la conducta alimentaria. La preocupaci\u00f3n por la apariencia f\u00edsica se convirti\u00f3 en un malestar generalizado\u201d, continu\u00f3 la especialista.<\/p>\n<p>Los TCA son considerados \u201ctrastornos mentales\u201d que desencadenan \u201ccomportamientos patol\u00f3gicos\u201d frente a la ingesta de alimentos -su restricci\u00f3n o consumo compulsivo- o a la realizaci\u00f3n de actividad f\u00edsica y una obsesi\u00f3n por el control del peso, que encuentran sus ra\u00edces en \u00abfactores biol\u00f3gicos, psicol\u00f3gicos y socioculturales\u00bb.<\/p>\n<p>Estas patolog\u00edas pueden afectar a personas de todas las edades, g\u00e9neros y culturas y fueron incluidos por la Organizaci\u00f3n Mundial de la Salud (OMS) entre los trastornos mentales \u201cde prioridad\u201d para las infancias y adolescencias particularmente.<\/p>\n<p>Tanto por su prevalencia y necesidad de tratamiento especializado, como por su \u00abtendencia a la cronicidad\u00bb, los trastornos alimentarios son considerados como \u201cuno de los problemas de salud p\u00fablica m\u00e1s graves\u201d en la actualidad, indic\u00f3 la Fundaci\u00f3n Fleni mediante un comunicado difundido hoy.<\/p>\n<p>Adem\u00e1s, quienes los atraviesan suelen hacerlo en silencio al sentir \u201cculpa, verg\u00fcenza o miedo a ser juzgadas y estigmatizadas\u00bb por estas patolog\u00edas.<\/p>\n<p>Al respecto, Lavia advirti\u00f3 que muchas de las se\u00f1ales de alerta no son advertidas ya que \u00abnaturalizamos que alguien haga dietas restrictivas o que se preocupe demasiado por su apariencia f\u00edsica o por controlar su peso; naturalizamos tambi\u00e9n las listas de alimentos prohibidos, el salteo de comidas y muchas conductas peligrosas que no suelen llamarnos la atenci\u00f3n pero deber\u00edan hacerlo\u00bb.<\/p>\n<p>\u00abNuestra sociedad sobrevalora la delgadez y estigmatiza la gordura. Naturalizamos la idea de un cuerpo ideal que es irreal y nos lleva a conductas poco saludables\u00bb, enfatiz\u00f3 la nutricionista.<\/p>\n<p>En ese contexto, especialistas coincidieron en advertir sobre el impacto de los medios de comunicaci\u00f3n y las redes sociales en el desarrollo y prevalencia de estas patolog\u00edas.<\/p>\n<p>Sebasti\u00e1n Soneira, jefe de la Secci\u00f3n de Trastornos Alimentarios y Psiquiatr\u00eda Nutricional del Servicio de Psiquiatr\u00eda de Fleni, alert\u00f3 sobre los \u201cest\u00e1ndares de belleza irreales y basados en la delgadez\u201d que promueven las redes sociales, que incrementan \u201cla preocupaci\u00f3n por el peso y crean espacios que fomentan los trastornos de la conducta alimentaria\u201d.<\/p>\n<p>Un estudio realizado entre m\u00e1s de 6.500 mujeres, coordinado desde la Fundaci\u00f3n Bellamente, en el marco de un proyecto de la Universidad de Buenos Aires, arroj\u00f3 como resultado que 8 de cada 10 mujeres se sienten insatisfechas con su imagen corporal y que el 86% afirma que alguna vez se sinti\u00f3 mal con su cuerpo despu\u00e9s de ver una publicaci\u00f3n de Instagram, siendo casi dos tercios de los casos publicaciones realizadas por influencers o celebridades.<\/p>\n<p>Al respecto, los especialistas coincidieron en la urgencia de \u00abrevisar nuestros consumos en redes sociales, revistas y medios de comunicaci\u00f3n\u00bb.<\/p>\n<p>Lavia record\u00f3 la importancia de hablar de la tem\u00e1tica desde la infancia y reforzar durante la adolescencia; fomentar la construcci\u00f3n de una imagen corporal y una autoestima positiva; correr la mirada sobre los cuerpos y sus tama\u00f1os, hablar del respeto a la diversidad corporal y evitar apodos o chistes sobre caracter\u00edsticas f\u00edsicas.<\/p>\n<p>Tambi\u00e9n aconsej\u00f3 el fomento de h\u00e1bitos alimentarios saludables y conversar sobre los peligros de hacer dietas restrictivas y de utilizar la comida como recompensa o castigo.<\/p>\n<p>\u201cLos trastornos alimentarios, en su totalidad, tienen tratamiento y la curaci\u00f3n es posible\u00bb, record\u00f3 el m\u00e9dico del Fleni, quien enfatiz\u00f3 la importancia \u00abde un diagn\u00f3stico preciso y dentro de una ventana de tiempo lo m\u00e1s breve posible ya que existe una relaci\u00f3n inversa entre la duraci\u00f3n del trastorno alimentario y las posibilidades de curaci\u00f3n total\u201d.<\/p>\n<p>Respecto al tratamiento, Soneira puntualiz\u00f3 en la necesidad de abordajes \u00abintegrales e interdisciplinarios\u00bb, que no s\u00f3lo apunten al control de la ingesta alimentaria sino tambi\u00e9n a \u00abla recuperaci\u00f3n del bienestar f\u00edsico y emocional\u201d.<\/p>\n<p>La herramienta \u201cRecalculando: \u00bfNecesitas ayuda?\u201d, desarrollada por la Fundaci\u00f3n Bellamente, disponible en su p\u00e1gina web, brinda un mapeo de los centros especializados en TCA en todo el pa\u00eds para que las personas que necesitan atenci\u00f3n sepan ad\u00f3nde acudir y accedan a informaci\u00f3n adecuada y tratamiento.<\/p>\n","protected":false},"excerpt":{"rendered":"<p>Especialistas alertan que la insatisfacci\u00f3n con la imagen corporal es cada vez m\u00e1s un \u201cmalestar generalizado\u201d, fuertemente ligado al \u201cideal de belleza\u201d que predomina en redes sociales, lo que puede derivar en \u201ccomportamientos nocivos\u201d como trastornos de la conducta alimentaria (TCA), que consideraron \u201cuno de los problemas de salud p\u00fablica m\u00e1s graves\u201d en la actualidad, &hellip;<\/p>\n","protected":false},"author":2,"featured_media":0,"comment_status":"open","ping_status":"open","sticky":false,"template":"","format":"standard","meta":{"advanced_seo_description":"","jetpack_seo_html_title":"","jetpack_seo_noindex":false,"_jetpack_memberships_contains_paid_content":false,"footnotes":"","jetpack_publicize_message":"","jetpack_publicize_feature_enabled":true,"jetpack_social_post_already_shared":false,"jetpack_social_options":{"image_generator_settings":{"template":"highway","default_image_id":0,"font":"","enabled":false},"version":2}},"categories":[6],"tags":[],"class_list":["post-2725","post","type-post","status-publish","format-standard","hentry","category-calle-angosta"],"jetpack_publicize_connections":[],"jetpack_featured_media_url":"","jetpack_sharing_enabled":true,"_links":{"self":[{"href":"https:\/\/calleangosta.com\/ca\/wp-json\/wp\/v2\/posts\/2725","targetHints":{"allow":["GET"]}}],"collection":[{"href":"https:\/\/calleangosta.com\/ca\/wp-json\/wp\/v2\/posts"}],"about":[{"href":"https:\/\/calleangosta.com\/ca\/wp-json\/wp\/v2\/types\/post"}],"author":[{"embeddable":true,"href":"https:\/\/calleangosta.com\/ca\/wp-json\/wp\/v2\/users\/2"}],"replies":[{"embeddable":true,"href":"https:\/\/calleangosta.com\/ca\/wp-json\/wp\/v2\/comments?post=2725"}],"version-history":[{"count":1,"href":"https:\/\/calleangosta.com\/ca\/wp-json\/wp\/v2\/posts\/2725\/revisions"}],"predecessor-version":[{"id":6741,"href":"https:\/\/calleangosta.com\/ca\/wp-json\/wp\/v2\/posts\/2725\/revisions\/6741"}],"wp:attachment":[{"href":"https:\/\/calleangosta.com\/ca\/wp-json\/wp\/v2\/media?parent=2725"}],"wp:term":[{"taxonomy":"category","embeddable":true,"href":"https:\/\/calleangosta.com\/ca\/wp-json\/wp\/v2\/categories?post=2725"},{"taxonomy":"post_tag","embeddable":true,"href":"https:\/\/calleangosta.com\/ca\/wp-json\/wp\/v2\/tags?post=2725"}],"curies":[{"name":"wp","href":"https:\/\/api.w.org\/{rel}","templated":true}]}}