{"id":2726,"date":"2024-12-03T11:18:51","date_gmt":"2024-12-03T14:18:51","guid":{"rendered":"https:\/\/calleangosta.com\/ca\/?p=2726"},"modified":"2024-12-03T11:18:51","modified_gmt":"2024-12-03T14:18:51","slug":"polemica-por-nombramientos-en-el-senado-de-san-luis-para-el-proximo-periodo-legislativo","status":"publish","type":"post","link":"https:\/\/calleangosta.com\/ca\/polemica-por-nombramientos-en-el-senado-de-san-luis-para-el-proximo-periodo-legislativo\/","title":{"rendered":"Pol\u00e9mica por nombramientos en el Senado de San Luis para el pr\u00f3ximo per\u00edodo legislativo"},"content":{"rendered":"<p>La presidenta provisional del Senado de San Luis, Mar\u00eda Ang\u00e9lica Torrontegui, y el vice gobernador de la provincia, Gast\u00f3n Mones Ruiz, quienes terminan su mandato el 10 de diciembre pr\u00f3ximo, fueron designados en cargos administrativos de menor jerarqu\u00eda en la c\u00e1mara provincial y la decisi\u00f3n desat\u00f3 una pol\u00e9mica.<\/p>\n<p><!--more--><\/p>\n<p>Los nombramientos fueron votados en una de las \u00faltimas sesiones del a\u00f1o en la c\u00e1mara de Senadores de San Luis, cuando designaron a Torrontegui como prosecretaria legislativa y al actual vicegobernador como asesor legal del cuerpo.<\/p>\n<p>Los cargos est\u00e1n previstos para el pr\u00f3ximo per\u00edodo legislativo en el que el oficialismo que encabeza, Alberto Rodr\u00edguez Sa\u00e1, conservar\u00eda la mayor\u00eda que le permiti\u00f3 votar estas y otras designaciones.<\/p>\n<p>Los nombramientos fueron denunciados por el gobernador electo, Claudio Poggi, como un manejo discrecional del espacio pol\u00edtico que encabeza el actual gobernador en favor de familiares y amigos, y como una forma de montar \u00abun gobierno paralelo\u00bb al que asume el pr\u00f3ximo 10 de diciembre.<\/p>\n<p>El cuerpo est\u00e1 conformado por 9 senadores provinciales y en la votaci\u00f3n, Torrontegui cont\u00f3 con el apoyo de su propio voto y el de sus compa\u00f1eros del bloque, frente a la oposici\u00f3n de Adolfo Castro Luna y Sergio Guardia, aliados del gobierno que ingresa con Poggi como gobernador electo, al que se sum\u00f3 el voto de Marcelo Debandi, quien se autodefine \u00abindependiente\u00bb.<\/p>\n<p>Las pol\u00e9micas designaciones se suman a otras que se concretaron en la misma sesi\u00f3n y en otras anteriores para ocupar los cargos creados por la reforma de la estructura funcional de la Legislatura, como la de Juan Pablo Carrizo, hijo de Torrontegui; Nadina Elena Cruz, hija de la senadora por el departamento San Mart\u00edn, Mariana Cruz; Mar\u00eda Fernanda Barroso, pareja del senador Daniel Camilli; y Juan Pablo Olgu\u00edn, hijo del senador electo por Chacabuco, Hugo Omar Olgu\u00edn.<\/p>\n<p>El senador Camilli fue adem\u00e1s nombrado como secretario administrativo de la c\u00e1mara en el mismo tr\u00e1mite administrativo y con el mismo n\u00famero de votos a favor, incluido el suyo propio, y consigui\u00f3 que incorporen como funcionarios a su esposa, Mar\u00eda Fernanda Barroso y a su hermano, Miguel \u00c1ngel como director operativo contable.<\/p>\n<p>En tanto, Jessica Roxana Rojo fue nombrada secretaria legislativa y Sof\u00eda Aguilera, allegada a la senadora Diamela Freixes como prosecretarias administrativa, completando as\u00ed la mesa de autoridades administrativas.<\/p>\n<p>La exsecretaria administrativa, Valentina Morel, hermana de la expresidenta del PJ y actual defensora adjunta, Eva Morel, que hab\u00eda sido designada hace poco como directora de comisi\u00f3n, fue promovida ayer a coordinadora de comisi\u00f3n en un cargo que a\u00fan no lleg\u00f3 a ejercer.<\/p>\n","protected":false},"excerpt":{"rendered":"<p>La presidenta provisional del Senado de San Luis, Mar\u00eda Ang\u00e9lica Torrontegui, y el vice gobernador de la provincia, Gast\u00f3n Mones Ruiz, quienes terminan su mandato el 10 de diciembre pr\u00f3ximo, fueron designados en cargos administrativos de menor jerarqu\u00eda en la c\u00e1mara provincial y la decisi\u00f3n desat\u00f3 una pol\u00e9mica. Los nombramientos fueron votados en una de &hellip;<\/p>\n","protected":false},"author":2,"featured_media":0,"comment_status":"open","ping_status":"open","sticky":false,"template":"","format":"standard","meta":{"advanced_seo_description":"","jetpack_seo_html_title":"","jetpack_seo_noindex":false,"_jetpack_memberships_contains_paid_content":false,"footnotes":"","jetpack_publicize_message":"","jetpack_publicize_feature_enabled":true,"jetpack_social_post_already_shared":false,"jetpack_social_options":{"image_generator_settings":{"template":"highway","default_image_id":0,"font":"","enabled":false},"version":2}},"categories":[6],"tags":[],"class_list":["post-2726","post","type-post","status-publish","format-standard","hentry","category-calle-angosta"],"jetpack_publicize_connections":[],"jetpack_featured_media_url":"","jetpack_sharing_enabled":true,"_links":{"self":[{"href":"https:\/\/calleangosta.com\/ca\/wp-json\/wp\/v2\/posts\/2726","targetHints":{"allow":["GET"]}}],"collection":[{"href":"https:\/\/calleangosta.com\/ca\/wp-json\/wp\/v2\/posts"}],"about":[{"href":"https:\/\/calleangosta.com\/ca\/wp-json\/wp\/v2\/types\/post"}],"author":[{"embeddable":true,"href":"https:\/\/calleangosta.com\/ca\/wp-json\/wp\/v2\/users\/2"}],"replies":[{"embeddable":true,"href":"https:\/\/calleangosta.com\/ca\/wp-json\/wp\/v2\/comments?post=2726"}],"version-history":[{"count":1,"href":"https:\/\/calleangosta.com\/ca\/wp-json\/wp\/v2\/posts\/2726\/revisions"}],"predecessor-version":[{"id":6740,"href":"https:\/\/calleangosta.com\/ca\/wp-json\/wp\/v2\/posts\/2726\/revisions\/6740"}],"wp:attachment":[{"href":"https:\/\/calleangosta.com\/ca\/wp-json\/wp\/v2\/media?parent=2726"}],"wp:term":[{"taxonomy":"category","embeddable":true,"href":"https:\/\/calleangosta.com\/ca\/wp-json\/wp\/v2\/categories?post=2726"},{"taxonomy":"post_tag","embeddable":true,"href":"https:\/\/calleangosta.com\/ca\/wp-json\/wp\/v2\/tags?post=2726"}],"curies":[{"name":"wp","href":"https:\/\/api.w.org\/{rel}","templated":true}]}}