{"id":2729,"date":"2024-12-03T11:18:10","date_gmt":"2024-12-03T14:18:10","guid":{"rendered":"https:\/\/calleangosta.com\/ca\/?p=2729"},"modified":"2024-12-03T11:18:10","modified_gmt":"2024-12-03T14:18:10","slug":"idas-y-vueltas-a-lo-milei-sin-certezas-sobre-el-gabinete-con-el-que-gobernara-claudio-poggi","status":"publish","type":"post","link":"https:\/\/calleangosta.com\/ca\/idas-y-vueltas-a-lo-milei-sin-certezas-sobre-el-gabinete-con-el-que-gobernara-claudio-poggi\/","title":{"rendered":"Idas y vueltas a lo Milei. Sin certezas sobre el gabinete con el que gobernar\u00e1 Claudio Poggi"},"content":{"rendered":"<p>Claudio Poggi ocupar\u00e1 por segunda vez el sill\u00f3n de Daract, desde el 10 de diciembre, cuando preste juramento ante la Asamblea Legislativa (que es la reuni\u00f3n de diputados y senadores provinciales); en el Palacio legislativo. Luego se trasladar\u00e1 a la sede del Poder Ejecutivo que es el conocido complejo de edificios denominado Terrazas del Portezuelo. A solo tres d\u00edas de ese suceso, los m\u00e1s de 500 mil sanluise\u00f1os podremos conocer los nombres de los colaboradores del contador oriundo de Alcira Gigena, localidad de la vecina provincia de C\u00f3rdoba.<\/p>\n<p><!--more--><\/p>\n<p>En una publicaci\u00f3n en sus redes sociales, de hace pocas horas, \u00e9l mismo asever\u00f3 que ser\u00e1 el jueves 7 de diciembre cuando se devele la inc\u00f3gnita y se aplaquen las intrigas de palacio, que aunque no hagan mucho ruido est\u00e1n a la orden del d\u00eda.<\/p>\n<p><img decoding=\"async\" src=\"images\/2023\/noviembre\/WhatsApp-Image-2023-11-27-at-101615-PM.jpeg\" alt=\"\" \/><\/p>\n<p>A pesar del hermetismo que se quiso imponer, en bares, medios y otros mentideros pol\u00edticos han trascendido algunos nombres. No hay confirmaciones, desde luego, pero cruzando consultas y observando comportamientos es posible ir delineando un listado para -a partir de esa n\u00f3mina- trazar algunas pinceladas sobre los nombres en danza.<\/p>\n<h3>Una certeza<\/h3>\n<p>Seg\u00fan public\u00f3 el <em>house organ<\/em> digital del poggismo tambi\u00e9n conocido como \u00abEl Chorrillero\u00bb, el exsecretario General de la Gobernaci\u00f3n y ministro de Hacienda y Obras P\u00fablicas entre 2011 y 2015, N\u00e9stor Ordo\u00f1ez, le correspond\u00eda completar el mandato de Poggi en el Parlamento al haber sido tercer candidato titular a diputado nacional en las elecciones de medio t\u00e9rmino, pero el propio gobernador electo comunic\u00f3 el 23 de octubre que lo iba reemplazar el primer suplente, Alberto Arancibia Rodr\u00edguez y que Ordo\u00f1ez iba a integrar su Gabinete.<\/p>\n<p>El lema Cambia San Luis se conform\u00f3 como una coalici\u00f3n variopinta en la que confluyeron diferentes partidos, agrupaciones y hasta individualidades reunidos en torno a una obsesi\u00f3n: vencer al peronismo; aunque al desaparecer ese aglutinante vuelven a manifestarse las diferencias y contradicciones de un rejuntado con perfiles, ideolog\u00edas, historias y necesidades muy diferentes. Dejar a todos conformes ser\u00e1 una tarea compleja.<\/p>\n<p>Es importante se\u00f1alar, adem\u00e1s, que la definici\u00f3n postergada de la elecci\u00f3n presidencial -que a priori planteaba un final abierto que no tuvo correlato en la realidad- estir\u00f3 los tiempos de decisi\u00f3n hasta que ese panorama mostrara con certeza si la negociaci\u00f3n deb\u00eda poner \u00e9nfasis en el todav\u00eda ministro de Econom\u00eda y los variados \u00abdelegados\u00bb que le aparecer\u00edan si resultaba ganador; o en los aliados provinciales mas los incipientes libertarios puntanos, como finalmente sucedi\u00f3.<\/p>\n<p>El Frente Nuevo de los hermanos Giraudo, jug\u00f3 inteligentemente a dos puntas. Mientras Jos\u00e9, el de la experiencia pol\u00edtica y arquitecto del armado, desempolv\u00f3 algunas fotos que supo conseguir con el tigrense Sergio Massa hace m\u00e1s de un lustro, el verborr\u00e1gico Luis construy\u00f3 su popularidad montado en una arenga antipol\u00edtica, casi calcada a la desplegada por el electo primer magistrado nacional portador de melena y motosierra. Desde ah\u00ed pudo aportar un caudal de votos a las arcas poggistas que seguramente tendr\u00e1 recompensa: ambos suenan en el gabinete de Poggi con cargos de rango ministerial, o casi.<\/p>\n<p>Otro mercedino de peso, el Escribano Eduardo Mones Ruiz, opositor hist\u00f3rico al oficialismo provincial, tuviese el apellido Rodriguez Sa\u00e1, Poggi o Lemme, parece no haber corrido con similar suerte. Al menos en los trascendidos, el escribano, que prest\u00f3 su innegable pertenencia peronista dentro del lema amarillo y con el prop\u00f3sito de reducir los niveles de gorilismo en sangre de esa coalici\u00f3n, no tuvo una buena performance en la sumatoria de papeletas y parece que seguir\u00e1 en su amplio solar sito al sur de la ciudad como hombre de alta y frecuente consulta, pero de bajo reconocimiento pol\u00edtico.<\/p>\n<p>El portal de noticias Apuntes de San Luis, con un rigor period\u00edstico que no abunda por estas tierras, recogi\u00f3 las versiones circulantes. Las someti\u00f3 a comprobaci\u00f3n y organiz\u00f3. Y public\u00f3 la lista que Calle Angosta replica a continuaci\u00f3n. El aporte de Calle Angosta consiste en ofrecer una peque\u00f1a referencia sobre las personalidades indicadas. Todo sujeto a comprobaci\u00f3n el pr\u00f3ximo 7 de diciembre, al menos; o el mismo d\u00eda 10 del mes, 12 en el peor de los casos.<\/p>\n<h3>Este ser\u00eda el equipo de gobierno de Claudio Poggi:<\/h3>\n<p>* ACLARACI\u00d3N: los nombres\u00a0indicados a continuaci\u00f3n fueron publicados\u00a0-como se dijo m\u00e1s arriba- por el portal Apuntes de San Luis. Las acotaciones entre par\u00e9ntesis\u00a0pertenecen a un sagaz observador mercedino con memoria, conocimiento de las historias y las relaciones de las y los dirigentes.<\/p>\n<ul>\n<li>Ministro de Hacienda y Obras P\u00fablicas: C.P.N. N\u00e9stor Ord\u00f3\u00f1ez (mano derecha del gobernador electo en materia de gastos y recursos p\u00fablicos, tropa propia, perfil t\u00e9cnico m\u00e1xima confianza).<\/li>\n<li>Ministro de Gobierno: Facundo Endeiza (portaci\u00f3n de apellido, exdiputado provincial, excandidato a Intendente de Juana Koslay, con un paso por el poncismo original, actualmente es funcionario de PAMI).<\/li>\n<li>Ministro de Producci\u00f3n: Federico Trombotto (hombre de fuertes v\u00ednculos con la Curia y sectores del agro, y m\u00e1s fuertes todav\u00eda con Poggi. Nota: el Obispo Barba (no Dur\u00e1n) no da un paso sin su opini\u00f3n).<\/li>\n<li>Ministra de Desarrollo Social: M\u00f3nica Becerra (contadora, mercedina, evang\u00e9lica, tropa propia).<\/li>\n<li>Ministerio de Educaci\u00f3n: Guillermo Araujo (concejal de la Ciudad de San Luis, el pasado viernes present\u00f3 su renuncia a la banca para poder jurar el 10\/12).<\/li>\n<li>Ministra de Salud: Claudia Spagnuolo (m\u00e9dica generalista, perteneciente a una estirpe familiar que ocupa cargos en todos los poderes del Estado, todos).<\/li>\n<li>Ministro de Cultura y Turismo: Juan Manuel Rigau.<\/li>\n<li>Ministerio de Ciencia y T\u00e9cnica: Todos Unidos (lo propondr\u00eda Adolfo Rodr\u00edguez Sa\u00e1; es todo incertidumbre en este punto, teniendo a la vista el perfil de los dirigentes que acompa\u00f1an al ef\u00edmero expresidente de la Naci\u00f3n).<\/li>\n<li>Secretar\u00eda General de Gobernaci\u00f3n: Romina Carbonell (es la secretaria privada de Poggi en la C\u00e1mara de Diputados de la Naci\u00f3n; m\u00e1xima confianza).<\/li>\n<li>Secretar\u00eda Legal y T\u00e9cnica: Fabiana Z\u00e1rate (abogada, expareja del vicegobernador, Dr. Ricardo Endeiza, m\u00e1xima confianza).<\/li>\n<li>Secretar\u00eda de Discapacidad: Luis Giraudo (misil sin cabeza).<\/li>\n<li>Secretar\u00eda de Ambiente: Federico Cacace (solo el apellido explica su sitial).<\/li>\n<li>Secretar\u00eda de Deportes: Gabriel Rivero (del \u201cpalo\u201d del deporte).<\/li>\n<li>Secretar\u00eda de Asuntos Instituc. y Vinc. Parlamentaria: Jos\u00e9 Giraudo (hermano del misil sin cabeza).<\/li>\n<li>Rector de la Upro: Rudy C\u00e1mera (incre\u00edble).<\/li>\n<li>Agencia de Noticias San Luis: Diego Masci (obvio).<\/li>\n<li>Responsable Casa de San Luis (Bs. As): Gabriela Gonz\u00e1lez Riollo (inexplicable).<\/li>\n<li>Con respecto al Ministerio de Seguridad, trascendi\u00f3 que podr\u00eda ser ocupado por una mujer, Nancy Sosa (su custodia personal).<\/li>\n<\/ul>\n<p>Asimismo, tambi\u00e9n se asegur\u00f3 que ocupar\u00eda una funci\u00f3n destacada el abogado Ricardo Andr\u00e9 Bazla, aunque no se pudo confirmar cu\u00e1l ser\u00eda (la nebulosa que rodea todo en la vida del ubicuo ex ex ex ex y m\u00e1s ex de todas las expresiones pol\u00edticas existentes y por crearse. \u201cNo va a ser Fiscal\u00eda de Estado, pero va a tener mucha importancia. Puede ser algo as\u00ed como una Auditor\u00eda General, m\u00e1s no te puedo decir\u201d, dijo una fuente confiable que integra la mesa chica de las decisiones.<\/p>\n<p>De confirmarse estos nombres, Villa Mercedes volver\u00eda a ocupar un lugar de peso en el gabinete provincial, al contar con un ministerio (Desarrollo Social) y dos secretarias con rango ministerial: Asuntos Institucionales y Discapacidad. Esta \u00faltima incluso tendr\u00e1 su sede en Villa Mercedes, en instalaciones del Parque Recreativo La Pedrera.<\/p>\n<p>Por otro lado, tres fuentes coincidieron en revelar que el gobernador electo tiene decidido reducir dr\u00e1sticamente la cantidad de funcionarios que existen en la provincia, entre ministros, secretarios, jefes de programa, delegados en cada departamento, coordinadores de dependencias y asesores ministeriales.<\/p>\n<p>Seg\u00fan sus cuentas, hay una \u201csuperestructura\u201d de aproximadamente 2.000 cargos con sueldos que van de $1.500.000 a $2.000.000. En el \u201cesquema de austeridad\u201d que tiene previsto Poggi, se manejar\u00e1 con aproximadamente 600.<\/p>\n<p>En este sentido, trascendi\u00f3 que uno de los proyectos que ya tiene terminado el futuro mandatario es una nueva Ley de Ministerios, que ser\u00e1 uno de los primeros que enviar\u00e1 a la Legislatura en sesiones extraordinarias.<\/p>\n<p>Una de las principales preocupaciones del gobernador electo se vincula con los recursos de caja con que se encontrar\u00e1 al momento de asumir, teniendo en cuenta que en diciembre tiene que hacer frente al pago de sueldos y aguinaldos de la administraci\u00f3n p\u00fablica.<\/p>\n<p>\u201cComo nunca pudimos coordinar una transici\u00f3n, porque Alberto (Rodr\u00edguez Sa\u00e1) no quiso, desconocemos realmente qu\u00e9 nos va a dejar. \u00c9l dice que deja la provincia b\u00e1rbara, pero no le creemos. Si los fondos son insuficientes, se barajan dos opciones: declarar la emergencia econ\u00f3mica y solicitar un pr\u00e9stamo o pagar sueldo primero y otro mes el aguinaldo pero en cuotas. Lo sabremos con precisi\u00f3n el 11 de diciembre. Si se opta por lo primero, eso lo debe aprobar la Legislatura\u201d, revel\u00f3 un dirigente que podr\u00eda asumir el domingo 10.<\/p>\n<h3>Versiones sin confirmaci\u00f3n<\/h3>\n<p>En el mar de nombres que circulan, se mezclan las pretensiones de algunos actores con los reales ofrecimientos. Motivo por el cual Apuntes de San Luis no pudo precisar cu\u00e1les entran en una u otra categor\u00eda.<\/p>\n<p>En otros casos, los ofrecimientos existen pero a\u00fan los convocados no han respondido. Se trata de cargos importantes de segundo nivel.<\/p>\n<p>A saber:<\/p>\n<ul>\n<li>Programa de Infraestructura: Valeria Lange (arquitecta, ex UNViMe, excandidata a Intendente de Villa Mercedes).<\/li>\n<li>Subprograma Maternidad e Infancia: Ana L\u00eda Trifir\u00f3 (m\u00e9dica, exSecretaria General APTS).<\/li>\n<li>Centro de Alto Rendimiento de La Punta: Jorge Villegas.<\/li>\n<li>Zona de Actividades Log\u00edsticas: Hardold Bridger (del sector de Adolfo RS).<\/li>\n<li>Direcci\u00f3n del Policl\u00ednico Regional \u201cJ.D.Per\u00f3n\u201d: Berta Arenas (\u00eddem).<\/li>\n<li>Delegaci\u00f3n de Dosep: Lucrecia Soria \/ (despu\u00e9s de la publicaci\u00f3n de AdSL circul\u00f3 para ese cargo el nombre del actual diputado provincial Tengo Irusta).<\/li>\n<\/ul>\n<p>Con respecto al actual diputado provincial del Departamento Pedernera, Luis Lucero Guillet, se supo que podr\u00eda integrar al equipo de gobierno del intendente electo de San Luis Gast\u00f3n Hissa. En tanto que su par V\u00edctor Sosa podr\u00eda acompa\u00f1arlo o sumarse en otro cargo en una delegaci\u00f3n provincial.<\/p>\n","protected":false},"excerpt":{"rendered":"<p>Claudio Poggi ocupar\u00e1 por segunda vez el sill\u00f3n de Daract, desde el 10 de diciembre, cuando preste juramento ante la Asamblea Legislativa (que es la reuni\u00f3n de diputados y senadores provinciales); en el Palacio legislativo. Luego se trasladar\u00e1 a la sede del Poder Ejecutivo que es el conocido complejo de edificios denominado Terrazas del Portezuelo. &hellip;<\/p>\n","protected":false},"author":2,"featured_media":0,"comment_status":"open","ping_status":"open","sticky":false,"template":"","format":"standard","meta":{"advanced_seo_description":"","jetpack_seo_html_title":"","jetpack_seo_noindex":false,"_jetpack_memberships_contains_paid_content":false,"footnotes":"","jetpack_publicize_message":"","jetpack_publicize_feature_enabled":true,"jetpack_social_post_already_shared":false,"jetpack_social_options":{"image_generator_settings":{"template":"highway","default_image_id":0,"font":"","enabled":false},"version":2}},"categories":[6],"tags":[],"class_list":["post-2729","post","type-post","status-publish","format-standard","hentry","category-calle-angosta"],"jetpack_publicize_connections":[],"jetpack_featured_media_url":"","jetpack_sharing_enabled":true,"_links":{"self":[{"href":"https:\/\/calleangosta.com\/ca\/wp-json\/wp\/v2\/posts\/2729","targetHints":{"allow":["GET"]}}],"collection":[{"href":"https:\/\/calleangosta.com\/ca\/wp-json\/wp\/v2\/posts"}],"about":[{"href":"https:\/\/calleangosta.com\/ca\/wp-json\/wp\/v2\/types\/post"}],"author":[{"embeddable":true,"href":"https:\/\/calleangosta.com\/ca\/wp-json\/wp\/v2\/users\/2"}],"replies":[{"embeddable":true,"href":"https:\/\/calleangosta.com\/ca\/wp-json\/wp\/v2\/comments?post=2729"}],"version-history":[{"count":1,"href":"https:\/\/calleangosta.com\/ca\/wp-json\/wp\/v2\/posts\/2729\/revisions"}],"predecessor-version":[{"id":6734,"href":"https:\/\/calleangosta.com\/ca\/wp-json\/wp\/v2\/posts\/2729\/revisions\/6734"}],"wp:attachment":[{"href":"https:\/\/calleangosta.com\/ca\/wp-json\/wp\/v2\/media?parent=2729"}],"wp:term":[{"taxonomy":"category","embeddable":true,"href":"https:\/\/calleangosta.com\/ca\/wp-json\/wp\/v2\/categories?post=2729"},{"taxonomy":"post_tag","embeddable":true,"href":"https:\/\/calleangosta.com\/ca\/wp-json\/wp\/v2\/tags?post=2729"}],"curies":[{"name":"wp","href":"https:\/\/api.w.org\/{rel}","templated":true}]}}