{"id":2730,"date":"2024-12-03T11:18:34","date_gmt":"2024-12-03T14:18:34","guid":{"rendered":"https:\/\/calleangosta.com\/ca\/?p=2730"},"modified":"2024-12-03T11:18:34","modified_gmt":"2024-12-03T14:18:34","slug":"el-papa-llamo-a-desmasculinizar-la-iglesia-y-pidio-mas-presencia-femenina","status":"publish","type":"post","link":"https:\/\/calleangosta.com\/ca\/el-papa-llamo-a-desmasculinizar-la-iglesia-y-pidio-mas-presencia-femenina\/","title":{"rendered":"El Papa llam\u00f3 a \u00abdesmasculinizar\u00bb la Iglesia y pidi\u00f3 m\u00e1s presencia femenina"},"content":{"rendered":"<p>El papa Francisco llam\u00f3 hoy a \u00abdesmasculinizar\u00bb la Iglesia y pidi\u00f3 m\u00e1s presencia femenina, al tiempo que destac\u00f3 la \u00abcapacidad teol\u00f3gica distinta\u00bb que tienen las mujeres.<\/p>\n<p><!--more--><\/p>\n<p>\u00abHay una tarea que les pido, por favor, desmasculinicen la Iglesia\u00bb, reclam\u00f3 el pont\u00edfice este jueves la recibir en el Vaticano a un grupo de la Comisi\u00f3n Teol\u00f3gica Internacional.<\/p>\n<p>\u00abLa teolog\u00eda, la reflexi\u00f3n teol\u00f3gica, es muy importante. Pero hay algo que no me gusta de ustedes, disculpen mi sinceridad. Una, dos, tres, cuatro mujeres: \u00a1Pobres! \u00a1Est\u00e1n solas! Ah, lo siento, cinco. \u00a1Debemos avanzar en esto!\u00bb, reclam\u00f3 Francisco al recibir al grupo compuesto en su mayor\u00eda por varones.<\/p>\n<p>Para el Papa, en ese marco, \u00abla mujer tiene una capacidad de reflexi\u00f3n teol\u00f3gica diferente a la que tenemos los hombres\u00bb.<\/p>\n<p>\u00abLa Iglesia es femenina. Y si no sabemos entender qu\u00e9 es una mujer, cu\u00e1l es la teolog\u00eda de una mujer, nunca entenderemos qu\u00e9 es la Iglesia\u00bb, agreg\u00f3 luego Francisco.<\/p>\n<p>Seg\u00fan el pont\u00edfice, \u00abuno de los grandes pecados que hemos tenido es la masculinidad de la Iglesia\u00bb.<\/p>\n<p>Durante su intervenci\u00f3n, de todos modos, el Papa plante\u00f3 que la mayor presencia femenina no se resolver\u00eda \u00abPor el camino ministerial\u00bb; es decir a trav\u00e9s de la ampliaci\u00f3n de los cargos que pueden ocupar las mujeres en la Iglesia, en medio de las presiones de algunos sectores para lograr el denominado diaconado femenino.<\/p>\n","protected":false},"excerpt":{"rendered":"<p>El papa Francisco llam\u00f3 hoy a \u00abdesmasculinizar\u00bb la Iglesia y pidi\u00f3 m\u00e1s presencia femenina, al tiempo que destac\u00f3 la \u00abcapacidad teol\u00f3gica distinta\u00bb que tienen las mujeres. \u00abHay una tarea que les pido, por favor, desmasculinicen la Iglesia\u00bb, reclam\u00f3 el pont\u00edfice este jueves la recibir en el Vaticano a un grupo de la Comisi\u00f3n Teol\u00f3gica Internacional. &hellip;<\/p>\n","protected":false},"author":2,"featured_media":0,"comment_status":"open","ping_status":"open","sticky":false,"template":"","format":"standard","meta":{"advanced_seo_description":"","jetpack_seo_html_title":"","jetpack_seo_noindex":false,"_jetpack_memberships_contains_paid_content":false,"footnotes":"","jetpack_publicize_message":"","jetpack_publicize_feature_enabled":true,"jetpack_social_post_already_shared":false,"jetpack_social_options":{"image_generator_settings":{"template":"highway","default_image_id":0,"font":"","enabled":false},"version":2}},"categories":[6],"tags":[],"class_list":["post-2730","post","type-post","status-publish","format-standard","hentry","category-calle-angosta"],"jetpack_publicize_connections":[],"jetpack_featured_media_url":"","jetpack_sharing_enabled":true,"_links":{"self":[{"href":"https:\/\/calleangosta.com\/ca\/wp-json\/wp\/v2\/posts\/2730","targetHints":{"allow":["GET"]}}],"collection":[{"href":"https:\/\/calleangosta.com\/ca\/wp-json\/wp\/v2\/posts"}],"about":[{"href":"https:\/\/calleangosta.com\/ca\/wp-json\/wp\/v2\/types\/post"}],"author":[{"embeddable":true,"href":"https:\/\/calleangosta.com\/ca\/wp-json\/wp\/v2\/users\/2"}],"replies":[{"embeddable":true,"href":"https:\/\/calleangosta.com\/ca\/wp-json\/wp\/v2\/comments?post=2730"}],"version-history":[{"count":1,"href":"https:\/\/calleangosta.com\/ca\/wp-json\/wp\/v2\/posts\/2730\/revisions"}],"predecessor-version":[{"id":6737,"href":"https:\/\/calleangosta.com\/ca\/wp-json\/wp\/v2\/posts\/2730\/revisions\/6737"}],"wp:attachment":[{"href":"https:\/\/calleangosta.com\/ca\/wp-json\/wp\/v2\/media?parent=2730"}],"wp:term":[{"taxonomy":"category","embeddable":true,"href":"https:\/\/calleangosta.com\/ca\/wp-json\/wp\/v2\/categories?post=2730"},{"taxonomy":"post_tag","embeddable":true,"href":"https:\/\/calleangosta.com\/ca\/wp-json\/wp\/v2\/tags?post=2730"}],"curies":[{"name":"wp","href":"https:\/\/api.w.org\/{rel}","templated":true}]}}