{"id":2732,"date":"2024-12-03T11:18:19","date_gmt":"2024-12-03T14:18:19","guid":{"rendered":"https:\/\/calleangosta.com\/ca\/?p=2732"},"modified":"2024-12-03T11:18:19","modified_gmt":"2024-12-03T14:18:19","slug":"ate-convoco-a-una-conferencia-de-prensa-para-hoy-en-la-sede-nacional-del-sindicato","status":"publish","type":"post","link":"https:\/\/calleangosta.com\/ca\/ate-convoco-a-una-conferencia-de-prensa-para-hoy-en-la-sede-nacional-del-sindicato\/","title":{"rendered":"ATE convoc\u00f3 a una conferencia de prensa para hoy en la sede nacional del sindicato"},"content":{"rendered":"<p>La Asociaci\u00f3n Trabajadores del Estado (ATE), que conduce Rodolfo Aguiar, realizar\u00e1 hoy una conferencia de prensa en la sede nacional del sindicato donde la conducci\u00f3n nacional y delegados de organismos nacionales comunicar\u00e1n \u00abla posici\u00f3n que tomara el sindicato de cara a la asunci\u00f3n del nuevo gobierno que encabezar\u00e1 Javier Milei\u00bb.<\/p>\n<p><!--more--><\/p>\n<p>El acto se realizar\u00e1 a las 11 horas, en la sede nacional del gremio ubicada en Avenida Belgrano 2527, de la Ciudad de Buenos Aires y contar\u00e1 con la presencia de la conducci\u00f3n nacional y delegados de organismos nacionales, inform\u00f3 ATE a trav\u00e9s de un comunicado.<\/p>\n<p>El comunicado de gremial, anunci\u00f3 que \u00abla convocatoria, abierta al p\u00fablico y los medios de comunicaci\u00f3n, se realizar\u00e1 frente a las puertas del sindicato y se comunicar\u00e1 la posici\u00f3n del mismo de cara a la asunci\u00f3n del nuevo gobierno el pr\u00f3ximo 10 de diciembre\u00bb.<\/p>\n<p>\u00abEl sector p\u00fablico es uno de los principales apuntados por el presidente electo, Javier Milei, de cara a su gesti\u00f3n. En este marco, ATE pudo acceder a informaci\u00f3n que da cuenta de los despidos que habr\u00e1 en distintos organismos del Estado durante los pr\u00f3ximos cuatro a\u00f1os, por lo que se encuentra en estado de alerta y asamblea permanente\u00bb, sostuvo la organizaci\u00f3n gremial en un documento.<\/p>\n","protected":false},"excerpt":{"rendered":"<p>La Asociaci\u00f3n Trabajadores del Estado (ATE), que conduce Rodolfo Aguiar, realizar\u00e1 hoy una conferencia de prensa en la sede nacional del sindicato donde la conducci\u00f3n nacional y delegados de organismos nacionales comunicar\u00e1n \u00abla posici\u00f3n que tomara el sindicato de cara a la asunci\u00f3n del nuevo gobierno que encabezar\u00e1 Javier Milei\u00bb. El acto se realizar\u00e1 a &hellip;<\/p>\n","protected":false},"author":2,"featured_media":0,"comment_status":"open","ping_status":"open","sticky":false,"template":"","format":"standard","meta":{"advanced_seo_description":"","jetpack_seo_html_title":"","jetpack_seo_noindex":false,"_jetpack_memberships_contains_paid_content":false,"footnotes":"","jetpack_publicize_message":"","jetpack_publicize_feature_enabled":true,"jetpack_social_post_already_shared":false,"jetpack_social_options":{"image_generator_settings":{"template":"highway","default_image_id":0,"font":"","enabled":false},"version":2}},"categories":[6],"tags":[],"class_list":["post-2732","post","type-post","status-publish","format-standard","hentry","category-calle-angosta"],"jetpack_publicize_connections":[],"jetpack_featured_media_url":"","jetpack_sharing_enabled":true,"_links":{"self":[{"href":"https:\/\/calleangosta.com\/ca\/wp-json\/wp\/v2\/posts\/2732","targetHints":{"allow":["GET"]}}],"collection":[{"href":"https:\/\/calleangosta.com\/ca\/wp-json\/wp\/v2\/posts"}],"about":[{"href":"https:\/\/calleangosta.com\/ca\/wp-json\/wp\/v2\/types\/post"}],"author":[{"embeddable":true,"href":"https:\/\/calleangosta.com\/ca\/wp-json\/wp\/v2\/users\/2"}],"replies":[{"embeddable":true,"href":"https:\/\/calleangosta.com\/ca\/wp-json\/wp\/v2\/comments?post=2732"}],"version-history":[{"count":1,"href":"https:\/\/calleangosta.com\/ca\/wp-json\/wp\/v2\/posts\/2732\/revisions"}],"predecessor-version":[{"id":6735,"href":"https:\/\/calleangosta.com\/ca\/wp-json\/wp\/v2\/posts\/2732\/revisions\/6735"}],"wp:attachment":[{"href":"https:\/\/calleangosta.com\/ca\/wp-json\/wp\/v2\/media?parent=2732"}],"wp:term":[{"taxonomy":"category","embeddable":true,"href":"https:\/\/calleangosta.com\/ca\/wp-json\/wp\/v2\/categories?post=2732"},{"taxonomy":"post_tag","embeddable":true,"href":"https:\/\/calleangosta.com\/ca\/wp-json\/wp\/v2\/tags?post=2732"}],"curies":[{"name":"wp","href":"https:\/\/api.w.org\/{rel}","templated":true}]}}