{"id":2733,"date":"2024-12-03T11:18:06","date_gmt":"2024-12-03T14:18:06","guid":{"rendered":"https:\/\/calleangosta.com\/ca\/?p=2733"},"modified":"2024-12-03T11:18:06","modified_gmt":"2024-12-03T14:18:06","slug":"arranca-el-rodaje-de-la-serie-la-mente-del-poder-thriller-con-mike-amigorena-y-diego-velazquez","status":"publish","type":"post","link":"https:\/\/calleangosta.com\/ca\/arranca-el-rodaje-de-la-serie-la-mente-del-poder-thriller-con-mike-amigorena-y-diego-velazquez\/","title":{"rendered":"Arranca el rodaje de la serie \u00abLa mente del poder\u00bb, thriller con Mike Amigorena y Diego Vel\u00e1zquez"},"content":{"rendered":"<p>La serie de suspenso policial \u00abLa mente del poder\u00bb arranc\u00f3 su rodaje con el protag\u00f3nico de Mike Amigorena y Diego Vel\u00e1zquez.<\/p>\n<p><!--more--><\/p>\n<p>La serie cuenta la historia de Marcos Dorrego, un psic\u00f3logo que atraviesa una gran crisis personal: dos a\u00f1os atr\u00e1s enviud\u00f3 y hoy se convirti\u00f3 en un hombre autodestructivo y solitario, con problemas de adicciones y una mala relaci\u00f3n con su hija Sof\u00eda. Ante su necesidad de salir de esta oscuridad, decide dejar de analizar a un paciente muy importante, V\u00edctor Noriega, qui\u00e9n acaba de asumir como presidente de la naci\u00f3n.<\/p>\n<p>La producci\u00f3n de TNT y Flow cuenta en el elenco con Elena Roger, Rita Cortese, Michel Noher, Eleonora Wexler, Antonia Bengochea, y Carla Pandolfi.<\/p>\n<p>La serie de ocho episodios es dirigida por Mariano Hueter, creada y producida por Pablo Flores y Nicol\u00e1s Mellino y todav\u00eda no tiene fecha de estreno anunciada.<\/p>\n","protected":false},"excerpt":{"rendered":"<p>La serie de suspenso policial \u00abLa mente del poder\u00bb arranc\u00f3 su rodaje con el protag\u00f3nico de Mike Amigorena y Diego Vel\u00e1zquez. La serie cuenta la historia de Marcos Dorrego, un psic\u00f3logo que atraviesa una gran crisis personal: dos a\u00f1os atr\u00e1s enviud\u00f3 y hoy se convirti\u00f3 en un hombre autodestructivo y solitario, con problemas de adicciones &hellip;<\/p>\n","protected":false},"author":2,"featured_media":0,"comment_status":"open","ping_status":"open","sticky":false,"template":"","format":"standard","meta":{"advanced_seo_description":"","jetpack_seo_html_title":"","jetpack_seo_noindex":false,"_jetpack_memberships_contains_paid_content":false,"footnotes":"","jetpack_publicize_message":"","jetpack_publicize_feature_enabled":true,"jetpack_social_post_already_shared":false,"jetpack_social_options":{"image_generator_settings":{"template":"highway","default_image_id":0,"font":"","enabled":false},"version":2}},"categories":[6],"tags":[],"class_list":["post-2733","post","type-post","status-publish","format-standard","hentry","category-calle-angosta"],"jetpack_publicize_connections":[],"jetpack_featured_media_url":"","jetpack_sharing_enabled":true,"_links":{"self":[{"href":"https:\/\/calleangosta.com\/ca\/wp-json\/wp\/v2\/posts\/2733","targetHints":{"allow":["GET"]}}],"collection":[{"href":"https:\/\/calleangosta.com\/ca\/wp-json\/wp\/v2\/posts"}],"about":[{"href":"https:\/\/calleangosta.com\/ca\/wp-json\/wp\/v2\/types\/post"}],"author":[{"embeddable":true,"href":"https:\/\/calleangosta.com\/ca\/wp-json\/wp\/v2\/users\/2"}],"replies":[{"embeddable":true,"href":"https:\/\/calleangosta.com\/ca\/wp-json\/wp\/v2\/comments?post=2733"}],"version-history":[{"count":1,"href":"https:\/\/calleangosta.com\/ca\/wp-json\/wp\/v2\/posts\/2733\/revisions"}],"predecessor-version":[{"id":6733,"href":"https:\/\/calleangosta.com\/ca\/wp-json\/wp\/v2\/posts\/2733\/revisions\/6733"}],"wp:attachment":[{"href":"https:\/\/calleangosta.com\/ca\/wp-json\/wp\/v2\/media?parent=2733"}],"wp:term":[{"taxonomy":"category","embeddable":true,"href":"https:\/\/calleangosta.com\/ca\/wp-json\/wp\/v2\/categories?post=2733"},{"taxonomy":"post_tag","embeddable":true,"href":"https:\/\/calleangosta.com\/ca\/wp-json\/wp\/v2\/tags?post=2733"}],"curies":[{"name":"wp","href":"https:\/\/api.w.org\/{rel}","templated":true}]}}