{"id":2737,"date":"2024-12-03T10:43:44","date_gmt":"2024-12-03T13:43:44","guid":{"rendered":"https:\/\/calleangosta.com\/ca\/?p=2737"},"modified":"2024-12-03T11:17:46","modified_gmt":"2024-12-03T14:17:46","slug":"se-exhibe-en-viedma-la-muestra-los-papas-en-la-historia-con-imagenes-de-1903","status":"publish","type":"post","link":"https:\/\/calleangosta.com\/ca\/se-exhibe-en-viedma-la-muestra-los-papas-en-la-historia-con-imagenes-de-1903\/","title":{"rendered":"Se exhibe en Viedma la muestra \u00abLos Papas en la historia\u00bb con im\u00e1genes de 1903"},"content":{"rendered":"<p>La exposici\u00f3n \u201cLos Papas en la Historia\u201d es una muestra que consta de 257 cartas postales decoradas a trav\u00e9s de cromolitograf\u00edas y que datan de 1903 son exhibidas en el Museo Salesiano \u201cCardenal Cagliero\u201d, ubicado en la Manzana Hist\u00f3rica de la ciudad rionegrina de Viedma.<\/p>\n<p><!--more--><\/p>\n<p>La muestra consta de im\u00e1genes desde el papa San Pedro a Leon XII y se encuentra abierta hasta Semana Santa del pr\u00f3ximo a\u00f1o para ser visitada de martes a viernes de 9 a 19 horas y los s\u00e1bados, domingos y feriados de 15 a 19 con entrada libre y gratuita.<\/p>\n<p>Las im\u00e1genes pertenecieron al Cardenal Juan Cagliero quien fue ordenado sacerdote el a\u00f1o 1875, y Don Bosco decidi\u00f3 enviarlo Jefe de la Primera Expedici\u00f3n de los Salesianos a la Argentina, en el a\u00f1o 1875.<\/p>\n<p>Cagliero est\u00e1 considerado uno de las principales figuras de la Patagonia despu\u00e9s del fundador de los Salesianos, adem\u00e1s convivi\u00f3 con el santo Art\u00e9mides Zatti y fue quien llev\u00f3 a Ceferino Namuncura a Europa. Sus restos descansan en la Nave principal de la Catedral de Viedma.<\/p>\n<p>El Director de Identidad Comunitaria y Patrimonio Hist\u00f3rico viedmense, Gustavo Malek, en dialogo con T\u00e9lam indic\u00f3 que, \u201clas cartas postales se encontraron aqu\u00ed en el museo estuvieron guardadas muchos a\u00f1os por y no han sido inventariadas\u201d.<\/p>\n<p>\u201cSe trata de 257 tarjetas distintas estaban atesoradas dentro de un paquete y el estado de conservaci\u00f3n fue excelente dado que estaban envueltas y no bien protegidas como debe ser\u201d, explic\u00f3.<\/p>\n<p>\u201cRealmente son joyas de 1903 que las ha tra\u00eddo el cardenal Cagliero desde Roma y cada una de las tarjetas es de un papa distinto desde San Pedro a Le\u00f3n XII que era el papa que hab\u00eda en esa \u00e9poca\u201d, sostuvo Malek.<\/p>\n<p>\u201cDada la belleza de cada una de las tarjetas que est\u00e1n hechas en litograf\u00eda, algunas pintadas a mano, eran dignas de ser exhibidas en su primer momento en la ex capilla Mar\u00eda auxiliadora de la capital rionegrina\u201d, record\u00f3 el referente de Patrimonio hist\u00f3rico.<\/p>\n<p>\u201cAdem\u00e1s la exhibici\u00f3n coincid\u00eda con el mes de la capitalidad de Viedma y con el mes que el cardenal Cagliero fue designado vicario apost\u00f3lico de la Patagonia\u201d, agreg\u00f3 Malek.<\/p>\n<p>\u201cEsto genero mucho entusiasmo en las personas que visitaban la muestra por eso decidimos trasladar parte de la exposici\u00f3n a la capilla privada del Cardenal Cagliero que est\u00e1 dentro del museo salesiano y estar\u00e1 exhibida hasta Semana Santa del a\u00f1o que viene\u201d, adelant\u00f3.<\/p>\n<p>\u201cPara nosotros en gratamente que vecinas y vecinos como tambi\u00e9n aquellos que est\u00e9n de paso por la ciudad se acerquen a visitar la muestra y a interiorizarse sobre la historia que forma parte de nuestra identidad\u201d, complet\u00f3.<\/p>\n<\/p><\/p>\n","protected":false},"excerpt":{"rendered":"<p>La exposici\u00f3n \u201cLos Papas en la Historia\u201d es una muestra que consta de 257 cartas postales decoradas a trav\u00e9s de cromolitograf\u00edas y que datan de 1903 son exhibidas en el Museo Salesiano \u201cCardenal Cagliero\u201d, ubicado en la Manzana Hist\u00f3rica de la ciudad rionegrina de Viedma. La muestra consta de im\u00e1genes desde el papa San Pedro &hellip;<\/p>\n","protected":false},"author":2,"featured_media":0,"comment_status":"open","ping_status":"open","sticky":false,"template":"","format":"standard","meta":{"advanced_seo_description":"","jetpack_seo_html_title":"","jetpack_seo_noindex":false,"_jetpack_memberships_contains_paid_content":false,"footnotes":"","jetpack_publicize_message":"","jetpack_publicize_feature_enabled":true,"jetpack_social_post_already_shared":false,"jetpack_social_options":{"image_generator_settings":{"template":"highway","default_image_id":0,"font":"","enabled":false},"version":2}},"categories":[6],"tags":[],"class_list":["post-2737","post","type-post","status-publish","format-standard","hentry","category-calle-angosta"],"jetpack_publicize_connections":[],"jetpack_featured_media_url":"","jetpack_sharing_enabled":true,"_links":{"self":[{"href":"https:\/\/calleangosta.com\/ca\/wp-json\/wp\/v2\/posts\/2737","targetHints":{"allow":["GET"]}}],"collection":[{"href":"https:\/\/calleangosta.com\/ca\/wp-json\/wp\/v2\/posts"}],"about":[{"href":"https:\/\/calleangosta.com\/ca\/wp-json\/wp\/v2\/types\/post"}],"author":[{"embeddable":true,"href":"https:\/\/calleangosta.com\/ca\/wp-json\/wp\/v2\/users\/2"}],"replies":[{"embeddable":true,"href":"https:\/\/calleangosta.com\/ca\/wp-json\/wp\/v2\/comments?post=2737"}],"version-history":[{"count":1,"href":"https:\/\/calleangosta.com\/ca\/wp-json\/wp\/v2\/posts\/2737\/revisions"}],"predecessor-version":[{"id":6729,"href":"https:\/\/calleangosta.com\/ca\/wp-json\/wp\/v2\/posts\/2737\/revisions\/6729"}],"wp:attachment":[{"href":"https:\/\/calleangosta.com\/ca\/wp-json\/wp\/v2\/media?parent=2737"}],"wp:term":[{"taxonomy":"category","embeddable":true,"href":"https:\/\/calleangosta.com\/ca\/wp-json\/wp\/v2\/categories?post=2737"},{"taxonomy":"post_tag","embeddable":true,"href":"https:\/\/calleangosta.com\/ca\/wp-json\/wp\/v2\/tags?post=2737"}],"curies":[{"name":"wp","href":"https:\/\/api.w.org\/{rel}","templated":true}]}}