{"id":2740,"date":"2024-12-03T10:43:43","date_gmt":"2024-12-03T13:43:43","guid":{"rendered":"https:\/\/calleangosta.com\/ca\/?p=2740"},"modified":"2024-12-03T11:17:39","modified_gmt":"2024-12-03T14:17:39","slug":"festejos-por-los-167-anos-de-villa-mercedes","status":"publish","type":"post","link":"https:\/\/calleangosta.com\/ca\/festejos-por-los-167-anos-de-villa-mercedes\/","title":{"rendered":"Festejos por los 167 A\u00f1os de Villa Mercedes"},"content":{"rendered":"<p>En el marco de las festividades por el 167\u00ba aniversario de la ciudad de Villa Mercedes, la jornada se inaugur\u00f3 con el solemne tedeum oficiado por el obispo de San Luis, monse\u00f1or Gabriel Barba. La celebraci\u00f3n religiosa tuvo lugar en la hist\u00f3rica parroquia Nuestra Se\u00f1ora de la Merced, donde autoridades locales, encabezadas por el intendente Maxi Frontera y funcionarios municipales, se congregaron para participar en esta tradicional ceremonia.<\/p>\n<p><!--more--><\/p>\n<p>La misa, que cont\u00f3 con la participaci\u00f3n de alumnas y alumnos de diversas instituciones educativas, as\u00ed como del personal de la banda de la V Brigada A\u00e9rea, se destac\u00f3 por su emotividad y por la presencia de la comunidad, unida para conmemorar este importante hito en la historia de Villa Mercedes.<\/p>\n<p>Durante la homil\u00eda, monse\u00f1or Gabriel Barba pronunci\u00f3 palabras de esperanza y bendici\u00f3n para la ciudad: \u00abQue nuestra madre de la Merced bendiga a Villa Mercedes y que nos ayude a seguir construyendo una patria de hermanos\u00bb. Este mensaje resuena con fuerza en la comunidad, recordando la importancia de la unidad y la colaboraci\u00f3n en la construcci\u00f3n del futuro de la ciudad.<\/p>\n<p>Las festividades, inicialmente programadas en la plaza Lafinur, experimentaron un cambio de locaci\u00f3n debido a la alerta meteorol\u00f3gica emitida por la REM. A pesar de ello, la energ\u00eda festiva se traslad\u00f3 al Colegio N\u00ba 11 \u201cBenito Ju\u00e1rez\u201d, donde se llevar\u00e1n a cabo diversas actividades conmemorativas a lo largo del d\u00eda.<\/p>\n<p>Este cambio de escenario no ha mermado el entusiasmo de los vecinos de Villa Mercedes, quienes se suman con alegr\u00eda a estas celebraciones. El Colegio \u00abBenito Ju\u00e1rez\u00bb se convierte as\u00ed en el epicentro de las festividades, donde la comunidad se encuentra para compartir momentos de alegr\u00eda y reflexi\u00f3n en honor a los 167 a\u00f1os de su amada ciudad.<\/p>\n<p>Que estos festejos sirvan como recordatorio del pasado glorioso de Villa Mercedes y como inspiraci\u00f3n para un futuro lleno de prosperidad y uni\u00f3n. \u00a1Feliz aniversario a esta ciudad que sigue escribiendo su historia con cada paso!<\/p>\n","protected":false},"excerpt":{"rendered":"<p>En el marco de las festividades por el 167\u00ba aniversario de la ciudad de Villa Mercedes, la jornada se inaugur\u00f3 con el solemne tedeum oficiado por el obispo de San Luis, monse\u00f1or Gabriel Barba. La celebraci\u00f3n religiosa tuvo lugar en la hist\u00f3rica parroquia Nuestra Se\u00f1ora de la Merced, donde autoridades locales, encabezadas por el intendente &hellip;<\/p>\n","protected":false},"author":2,"featured_media":0,"comment_status":"open","ping_status":"open","sticky":false,"template":"","format":"standard","meta":{"advanced_seo_description":"","jetpack_seo_html_title":"","jetpack_seo_noindex":false,"_jetpack_memberships_contains_paid_content":false,"footnotes":"","jetpack_publicize_message":"","jetpack_publicize_feature_enabled":true,"jetpack_social_post_already_shared":false,"jetpack_social_options":{"image_generator_settings":{"template":"highway","default_image_id":0,"font":"","enabled":false},"version":2}},"categories":[6],"tags":[],"class_list":["post-2740","post","type-post","status-publish","format-standard","hentry","category-calle-angosta"],"jetpack_publicize_connections":[],"jetpack_featured_media_url":"","jetpack_sharing_enabled":true,"_links":{"self":[{"href":"https:\/\/calleangosta.com\/ca\/wp-json\/wp\/v2\/posts\/2740","targetHints":{"allow":["GET"]}}],"collection":[{"href":"https:\/\/calleangosta.com\/ca\/wp-json\/wp\/v2\/posts"}],"about":[{"href":"https:\/\/calleangosta.com\/ca\/wp-json\/wp\/v2\/types\/post"}],"author":[{"embeddable":true,"href":"https:\/\/calleangosta.com\/ca\/wp-json\/wp\/v2\/users\/2"}],"replies":[{"embeddable":true,"href":"https:\/\/calleangosta.com\/ca\/wp-json\/wp\/v2\/comments?post=2740"}],"version-history":[{"count":1,"href":"https:\/\/calleangosta.com\/ca\/wp-json\/wp\/v2\/posts\/2740\/revisions"}],"predecessor-version":[{"id":6726,"href":"https:\/\/calleangosta.com\/ca\/wp-json\/wp\/v2\/posts\/2740\/revisions\/6726"}],"wp:attachment":[{"href":"https:\/\/calleangosta.com\/ca\/wp-json\/wp\/v2\/media?parent=2740"}],"wp:term":[{"taxonomy":"category","embeddable":true,"href":"https:\/\/calleangosta.com\/ca\/wp-json\/wp\/v2\/categories?post=2740"},{"taxonomy":"post_tag","embeddable":true,"href":"https:\/\/calleangosta.com\/ca\/wp-json\/wp\/v2\/tags?post=2740"}],"curies":[{"name":"wp","href":"https:\/\/api.w.org\/{rel}","templated":true}]}}