{"id":2741,"date":"2024-12-03T10:43:43","date_gmt":"2024-12-03T13:43:43","guid":{"rendered":"https:\/\/calleangosta.com\/ca\/?p=2741"},"modified":"2024-12-03T11:17:37","modified_gmt":"2024-12-03T14:17:37","slug":"el-que-las-hace-las-paga","status":"publish","type":"post","link":"https:\/\/calleangosta.com\/ca\/el-que-las-hace-las-paga\/","title":{"rendered":"El que las hace las paga"},"content":{"rendered":"<p>Algunos habr\u00e1n visto un video de amplia difusi\u00f3n en las redes sociales d\u00f3nde un se\u00f1or con formaci\u00f3n en un instituto militar, empresario de la construcci\u00f3n y autodefinido como integrante de La Libertad Avanza nos notificaba de manera expl\u00edcita lo siguiente:<\/p>\n<p><!--more--><\/p>\n<ol>\n<li>que me cuide porque estaba \u201cregalado\u201d y\u00a0 \u201cellos\u201d me iban a matar<\/li>\n<li>que mis \u201cseguidores\u201d piensen en sus familias porque correr\u00edan la misma suerte y los iban a \u201chacer cagar\u201d<\/li>\n<li>que iban a colocar artefactos explosivos y disparar sobre una eventual manifestaci\u00f3n p\u00fablica.<\/li>\n<\/ol>\n<p>Quiero contarles que esa persona fue identificada, imputada por delitos no excarcelables, citada a indagatoria. Asimismo, estamos iniciando una demanda civil porque adem\u00e1s de responder ante la justicia penal va a tener que pagar una indemnizaci\u00f3n econ\u00f3mica que no le va a salir nada barata. El que las hace, las paga. No les vamos a dejar pasar una.<\/p>\n<p>No se trata del primer caso. Tenemos ya cuatro expedientes con querellas penales y demandas civiles. Dos muy avanzados. No son por diferencias pol\u00edticas, opiniones negativas, adjetivaciones, chicanas, ni siquiera\u00a0 insultos. No tenemos ning\u00fan problema con el debate apasionado y la confrontaci\u00f3n pol\u00edtica: de eso se trata la democracia.<\/p>\n<p>El problema aparece con las amenazas, agresiones f\u00edsicas, hostigamiento, difamaci\u00f3n, falsas imputaciones, calumnias o noticias falsas graves que pueden poner en riesgo la integridad de nuestros compa\u00f1eros, compa\u00f1eras y sus familiares. Ah\u00ed trazamos el l\u00edmite, porque esos niveles de violencia y conatos de intimidaci\u00f3n limitan la libertad por la que todos decimos \u00a1viva! Como dice el futuro presidente parafraseando al General Per\u00f3n, dentro de la ley, todo; fuera de la ley, nada.<\/p>\n<p>Sabemos que muchas personas, agrupaciones pol\u00edticas, sociales, estudiantiles, gremiales de mujeres y derechos humanos han sufrido situaciones similares en los \u00faltimos meses por pensar distinto a quienes hoy se sienten con impunidad para agredirnos. Por ese motivo, hemos decidido establecer en forma inmediata junto a una cantidad considerable de abogados comprometidos con nuestra causa y diversos organismos, en articulaci\u00f3n con organizaciones internacionales, un dispositivo jur\u00eddico para ampliar esta cobertura a todos\u00a0 los que sufran intentos de disciplinamiento pol\u00edtico a trav\u00e9s de la violencia, para lo que pueden escribirnos a argentinasinmiedo@gmail.com mientras terminamos de dise\u00f1ar la plataforma definitiva.<\/p>\n<p>Yo no s\u00e9 si la casta tiene miedo o en realidad lo que tiene es empleo, a juzgar por los personajes reciclados que integrar\u00e1n el nuevo gobierno\u2026 lo que les puedo asegurar es que nosotros, miedo no tenemos. Nos vamos a defender con u\u00f1as y dientes, dentro de los marcos de la Constituci\u00f3n y las leyes, \u201cel respeto irrestricto del proyecto de vida del pr\u00f3jimo, basado en el principio de no agresi\u00f3n\u201d como defini\u00f3 el futuro presidente su doctrina. Ya ve que gran aliado tiene esa filosof\u00eda en los humanistas; y que grande enemigo en los reaccionarios, videlistas, intolerantes, ultraderechistas, neonazis, las juventudes de choque que desfachatadamente alienta Macri o simples bandoleros que envalentonados por una mayor\u00eda circunstancial cruzan la l\u00ednea roja del respeto a la integridad del pr\u00f3jimo.<\/p>\n<p>Que Dios ilumine a las autoridades democr\u00e1ticamente electas para que comprenda que nada bueno puede salir de alimentar conductas semejantes y que su responsabilidad institucional es garantizar los derechos de todas y todos los argentinos.<\/p>\n<p>En relaci\u00f3n a lo anterior, quisiera hacer una reflexi\u00f3n. Se ha normalizado que las instituciones democr\u00e1ticas no act\u00faen conforme a derecho cuando se viola la ley en perjuicio de los que tenemos determinadas ideas o pertenecemos a ciertos sectores sociales \u00a1Cu\u00e1n distinta hubiera sido la reacci\u00f3n de fuerzas de seguridad, jueces y fiscales si las amenazas perpetradas por el sujeto precedente se hubiera dirigido a otros colectivos o personajes!\u00a0 \u00a1Imag\u00ednense si hubiera publicado un video diciendo que los miembros del PRO deb\u00edan llevar matafuegos porque iba a incendiar su local o que Milei deb\u00eda portar chaleco antibalas porque le iban a llover municiones! \u00a1Cu\u00e1l hubiera sido el esc\u00e1ndalo si el objeto de la lluvia de balas no hubiese sido una organizaci\u00f3n popular sino el Grupo Clar\u00edn o La Naci\u00f3n!<\/p>\n<p>Sin embargo, no solo en nuestro caso sino en muchos otros, como el intento de asesinato de la vicepresidenta, el accionar de la patota denominada Revoluci\u00f3n Federal, la banda de los Copitos, entre otros, ha habido un exceso de garantismo que deja chiquito a Zaffaroni, no se hacen los allanamientos, los celulares se borran m\u00e1gicamente, el instituto de la prisi\u00f3n preventiva que rige para cualquier ladr\u00f3n de gallina -en efecto, el 50% de los presos del pa\u00eds- desaparece como arte de magia y la pasividad de las fuerzas de seguridad -llamativamente a cargo de un gobierno de nuestro propio signo pol\u00edtico- lindan la incompetencia.,.. o la complicidad a la hora de defender a sus propios dirigentes.<\/p>\n<p>Luego, a un muchacho que est\u00e1 fumando en una plaza lo suben a\u00a0 un patrullero y lo muelen a palos; a las familias sin techo les prenden fuego las casillas o desalojan una empresa recuperada deteniendo a cientos de trabajadores. \u201cCual es la audacia en ser fuerte con los d\u00e9biles y d\u00e9bil con los fuertes\u201d&#8230;\u00a0 y esta inversi\u00f3n pusil\u00e1nime en la aplicaci\u00f3n de la autoridad, esta sobreactuaci\u00f3n con los que nada pueden superpuesta a una pat\u00e9tica pasividad con los que amenazan la democracia atentando contra nuestros dirigentes, m\u00e1s all\u00e1 de cualquier instigaci\u00f3n -que las hubo-, de cualquier discurso de odio -que tambi\u00e9n los hubo-, esa pasividad digo, nadie se lo puede atribuir a la actual oposici\u00f3n\/futuro gobierno.<\/p>\n<p>No esperen de nosotros que naturalicemos ning\u00fan apartheid jur\u00eddico-institucional d\u00f3nde existen elfos rubios luminosos con plenos derechos y orcos deformes sin ciudadan\u00eda. Vamos a enfrentar la mitolog\u00eda iletrada e inhumana planteada por el modelo mental macrista con la inmensa reserva moral humanista y democr\u00e1tica de nuestro pueblo, con los resortes institucionales que todav\u00eda quedan en el pa\u00eds, con el derecho p\u00fablico internacional, con la prensa no ensobrada, con la solidaridad del mundo libre\u2026. y vamos a ganar.\u00a0<\/p>\n<p>Una segunda reflexi\u00f3n que va m\u00e1s hacia adentro de nuestro campo. Existe una suerte de regodeo en la impotencia y el victimismo sin estrat\u00e9gia pol\u00edtica ni jur\u00eddica para defender efectivamente a nuestra gente. No se ganan las batallas posando de v\u00edctima, aunque efectivamente haya una agresi\u00f3n injusta con v\u00edctimas y victimarios. Los que quieren destruir nuestros ideales, nos quieren v\u00edctimas e impotentes. La leg\u00edtima defensa es un derecho que estamos llamados a ejercer, desde nuestro punto de vista a partir de la premisa gandhiana de la resistencia no violenta, pero afincada en la solidaridad del si tocan a uno nos tocan a todos.<\/p>\n<p>\u00a1Qu\u00e9 mezquinos nos hemos vuelto con la solidaridad! Parece que frente a cada difamaci\u00f3n u agresi\u00f3n actuamos como el avestruz. A ver si nos damos cuenta que si dejamos que impunemente amenacen y hostiguen a nuestros dirigentes y militantes se produce un efecto de disciplinamiento que lleva al \u201cno te met\u00e1s\u201d y al \u201cs\u00e1lvese quien pueda\u201d. Los que no entendemos la militancia como una profesi\u00f3n sino como una pasi\u00f3n por crear caminos de esperanza orientados al bien com\u00fan, tenemos la obligaci\u00f3n de protegernos colectivamente frente a cada acto de humillaci\u00f3n porque el que calla otorga\u2026 y para ellos, orcos somos todos. No se salva nadie de la deshumanizaci\u00f3n. Basta de andar peleando con los codos con el que tengo al lado. Todos juntos, a encarar de frente lo que nos toca.<\/p>\n<p>Recordemos el poema atribuido a Bertol Brech -escrito en realidad por un pastor cristiano alem\u00e1n, Martin Niem\u00f6ller:<\/p>\n<p style=\"padding-left: 60px;\"><em>\u00abCuando los nazis vinieron a llevarse a los comunistas,<\/em><\/p>\n<p style=\"padding-left: 60px;\"><em>guard\u00e9 silencio,<\/em><\/p>\n<p style=\"padding-left: 60px;\"><em>ya que no era comunista,<\/em><\/p>\n<p style=\"padding-left: 60px;\"><em>\u00a0<\/em><\/p>\n<p style=\"padding-left: 60px;\"><em>Cuando encarcelaron a los socialdem\u00f3cratas,<\/em><\/p>\n<p style=\"padding-left: 60px;\"><em>guard\u00e9 silencio,<\/em><\/p>\n<p style=\"padding-left: 60px;\"><em>ya que no era socialdem\u00f3crata,<\/em><\/p>\n<p style=\"padding-left: 60px;\"><em>\u00a0<\/em><\/p>\n<p style=\"padding-left: 60px;\"><em>Cuando vinieron a buscar a los sindicalistas,<\/em><\/p>\n<p style=\"padding-left: 60px;\"><em>no protest\u00e9,<\/em><\/p>\n<p style=\"padding-left: 60px;\"><em>ya que no era sindicalista,<\/em><\/p>\n<p style=\"padding-left: 60px;\"><em>\u00a0<\/em><\/p>\n<p style=\"padding-left: 60px;\"><em>Cuando vinieron a llevarse a los jud\u00edos,<\/em><\/p>\n<p style=\"padding-left: 60px;\"><em>no protest\u00e9,<\/em><\/p>\n<p style=\"padding-left: 60px;\"><em>ya que no era jud\u00edo,<\/em><\/p>\n<p style=\"padding-left: 60px;\"><em>\u00a0<\/em><\/p>\n<p style=\"padding-left: 60px;\"><em>Cuando vinieron a buscarme,<\/em><\/p>\n<p style=\"padding-left: 60px;\"><em>no hab\u00eda nadie m\u00e1s que pudiera protestar\u00bb.<\/em>\u00a0<\/p>\n<p>\u00a0<\/p>\n<blockquote>\n<p>No dejemos que vengan por ninguno. A cada agresi\u00f3n, una respuesta, denuncia penal y sobre todo, a la v\u00edscera m\u00e1s sensible de nuestros contrincantes, el bolsillo\u2026 resarcimiento econ\u00f3mico.<\/p>\n<\/blockquote>\n<p>En cuanto a un video que estuvo circulando fundamentalmente en LN+ durante los \u00faltimos d\u00edas para justificar a estos criminales en el que afirmaba que est\u00e1bamos dispuestos a dejar nuestra sangre en defensa de los pobres,\u00a0 se trata de un video que tiene dos a\u00f1os, es decir, muy anterior al cambio de gobierno, cuando la impotencia de no lograr una medida en favor de la poblaci\u00f3n indigente nos llev\u00f3 a realizar una semana de protestas pac\u00edficas y legales. Hoy el liderazgo del sector de econom\u00eda popular est\u00e1 en manos de una nueva generaci\u00f3n, mucho mejor que la nuestra, con autoridades recientemente electas que conforman la Comisi\u00f3n Directiva de la UTEP; pero quisiera reafirmar algo, m\u00e1s all\u00e1 de aquel momento de exaltaci\u00f3n: en un mundo d\u00f3nde hay tanta gente dispuesta a derramar sangre y causar sufrimiento a los dem\u00e1s, asumir que la propia vida est\u00e1 al servicio de una causa -y no hay causa m\u00e1s noble que la justicia social- lejos est\u00e1 de ser un acto de violencia. Es una consigna profundamente cristiana. Ofrecer nuestra vida,\u00a0 el tiempo que se nos dio en este mundo, nuestras ideas, esfuerzo, capacidades, talentos, grandes o peque\u00f1os, para servir al pr\u00f3jimo.<\/p>\n<p>Nosotros, servidores del pueblo, aceptamos las reglas de la democracia que incluyen el derecho a ejercer una oposici\u00f3n pol\u00edtica frontal, reivindicamos el derecho a la protesta de todos los sectores sociales que luchan por sus derechos y rechazamos cualquier intento de cercenar los derechos sociales, econ\u00f3micos, culturales, las libertades y garant\u00edas individuales que establece nuestra Constituci\u00f3n.<\/p>\n<blockquote>\n<p>No tenemos odio, pero tampoco tenemos miedo.<\/p>\n<\/blockquote>\n<p>Luchando por una Argentina Humana, Justa y Soberana, firmes en nuestras convicciones y convencidos de nuestra causa, aca seguimos.<\/p>\n","protected":false},"excerpt":{"rendered":"<p>Algunos habr\u00e1n visto un video de amplia difusi\u00f3n en las redes sociales d\u00f3nde un se\u00f1or con formaci\u00f3n en un instituto militar, empresario de la construcci\u00f3n y autodefinido como integrante de La Libertad Avanza nos notificaba de manera expl\u00edcita lo siguiente: que me cuide porque estaba \u201cregalado\u201d y\u00a0 \u201cellos\u201d me iban a matar que mis \u201cseguidores\u201d &hellip;<\/p>\n","protected":false},"author":2,"featured_media":0,"comment_status":"open","ping_status":"open","sticky":false,"template":"","format":"standard","meta":{"advanced_seo_description":"","jetpack_seo_html_title":"","jetpack_seo_noindex":false,"_jetpack_memberships_contains_paid_content":false,"footnotes":"","jetpack_publicize_message":"","jetpack_publicize_feature_enabled":true,"jetpack_social_post_already_shared":false,"jetpack_social_options":{"image_generator_settings":{"template":"highway","default_image_id":0,"font":"","enabled":false},"version":2}},"categories":[6],"tags":[],"class_list":["post-2741","post","type-post","status-publish","format-standard","hentry","category-calle-angosta"],"jetpack_publicize_connections":[],"jetpack_featured_media_url":"","jetpack_sharing_enabled":true,"_links":{"self":[{"href":"https:\/\/calleangosta.com\/ca\/wp-json\/wp\/v2\/posts\/2741","targetHints":{"allow":["GET"]}}],"collection":[{"href":"https:\/\/calleangosta.com\/ca\/wp-json\/wp\/v2\/posts"}],"about":[{"href":"https:\/\/calleangosta.com\/ca\/wp-json\/wp\/v2\/types\/post"}],"author":[{"embeddable":true,"href":"https:\/\/calleangosta.com\/ca\/wp-json\/wp\/v2\/users\/2"}],"replies":[{"embeddable":true,"href":"https:\/\/calleangosta.com\/ca\/wp-json\/wp\/v2\/comments?post=2741"}],"version-history":[{"count":1,"href":"https:\/\/calleangosta.com\/ca\/wp-json\/wp\/v2\/posts\/2741\/revisions"}],"predecessor-version":[{"id":6725,"href":"https:\/\/calleangosta.com\/ca\/wp-json\/wp\/v2\/posts\/2741\/revisions\/6725"}],"wp:attachment":[{"href":"https:\/\/calleangosta.com\/ca\/wp-json\/wp\/v2\/media?parent=2741"}],"wp:term":[{"taxonomy":"category","embeddable":true,"href":"https:\/\/calleangosta.com\/ca\/wp-json\/wp\/v2\/categories?post=2741"},{"taxonomy":"post_tag","embeddable":true,"href":"https:\/\/calleangosta.com\/ca\/wp-json\/wp\/v2\/tags?post=2741"}],"curies":[{"name":"wp","href":"https:\/\/api.w.org\/{rel}","templated":true}]}}