{"id":2743,"date":"2024-12-03T10:43:42","date_gmt":"2024-12-03T13:43:42","guid":{"rendered":"https:\/\/calleangosta.com\/ca\/?p=2743"},"modified":"2024-12-03T11:17:32","modified_gmt":"2024-12-03T14:17:32","slug":"desde-el-pro-expresan-malestar-por-designacion-de-menem-en-diputados-se-negociara-ley-por-ley","status":"publish","type":"post","link":"https:\/\/calleangosta.com\/ca\/desde-el-pro-expresan-malestar-por-designacion-de-menem-en-diputados-se-negociara-ley-por-ley\/","title":{"rendered":"Desde el PRO expresan malestar por designaci\u00f3n de Menem en Diputados: \u00abSe negociar\u00e1 Ley por Ley\u00bb"},"content":{"rendered":"<p>El vicepresidente del PRO y diputado nacional Federico Angelini (Juntos por el Cambio) advirti\u00f3 hoy que, con la designaci\u00f3n del libertario riojano Mart\u00edn Menem como presidente de la C\u00e1mara de Diputados, \u00abse negociar\u00e1 Ley por Ley\u00bb y dijo que, de esta manera, el Gobierno de Javier Milei \u00abeligi\u00f3 un camino que es distinto al de trabajar juntos desde el minuto cero\u00bb.<\/p>\n<p><!--more--><\/p>\n<p>\u00abSi finalmente es Martin Menem se negociar\u00e1 Ley por Ley. El Gobierno eligi\u00f3 un camino que es distinto al de trabajar juntos desde el minuto cero\u00bb, dijo Angelini esta ma\u00f1ana en declaraciones a radio 10.<\/p>\n<p>De esta forma, Angelini expres\u00f3 p\u00fablicamente el malestar que hay en el PRO tras la confirmaci\u00f3n de que el riojano Macri ser\u00e1 el titular de Diputados, desplazando as\u00ed a Cristian Ritondo y Florencio Randazzo, los otros posibles candidatos para ocupar ese cargo.<\/p>\n<p>\u00abNosotros vamos a acompa\u00f1ar las cosas que creamos que est\u00e1n bien. Vamos a ser una &#8216;alternativa&#8217;, si vemos cosas que pueden mejorar las vamos a proponer, pero no va a haber un co-gobierno\u00bb, aclar\u00f3 Angelini, para quien Milei \u00abrecorri\u00f3 un camino muy interesante y lleg\u00f3 a la Presidencia de la naci\u00f3n, por eso hay que reconocer ese cargo\u00bb.<\/p>\n<p>Por otro lado, se refiri\u00f3 a las tensiones internas en el PRO luego de la confirmaci\u00f3n esta semana de que la titular del partido Patricia Bullrich ser\u00e1 la pr\u00f3xima ministra de Seguridad del Gobierno de Milei.<\/p>\n<p>\u00abPuede que haya tensiones dentro de PRO. Es momento de discutir y no hay que temerle a las discusiones\u00bb, sostuvo Angelini y a\u00f1adi\u00f3: \u00abEn el PRO el problema nunca llega a agrandarse sino que hay tensiones y nada m\u00e1s\u00bb.<\/p>\n<p>\u00abMacri se puso muy contento cuando Patricia acept\u00f3 el cargo de ministra, \u00e9l sabe que es la persona m\u00e1s preparada para asumir esa responsabilidad\u00bb, consider\u00f3 y remarc\u00f3 que Bullrich -quien ya ocup\u00f3 ese cargo durante la gesti\u00f3n de Cambiemos- \u00abtiene mucha experiencia en el cargo\u00bb.<\/p>\n<p>En cuanto a la relaci\u00f3n entre Macri y Milei, dijo: \u00abMacri respeta mucho a Milei y el Presidente (electo) es el que decide. La relaci\u00f3n existi\u00f3 siempre entre Javier Milei y Macri; existi\u00f3, existe y existir\u00e1\u00bb.<\/p>\n<p>Adem\u00e1s neg\u00f3 que la convocatoria a elecciones dentro del PRO tenga que ver con disputas dentro del espacio, y se preocup\u00f3 en aclarar que est\u00e1 vinculado a la renovaci\u00f3n de autoridades por el vencimiento de los mandatos.<\/p>\n<p>\u00abTodo lo que tiene que ver con el llamado a elecciones y renovaci\u00f3n de autoridades en el PRO es porque se vencen los mandatos. Es una cuesti\u00f3n exclusivamente formal m\u00e1s all\u00e1 de las especulaciones\u00bb, explic\u00f3.<\/p>\n<p>Sobre qui\u00e9n suceder\u00eda a Bullrich en la titularidad del PRO, dijo: \u00abPatricia dijo que no iba a ser, y como gustar me gustar\u00eda que sea Mauricio el pr\u00f3ximo presidente del PRO, pero es una decisi\u00f3n personal, no s\u00e9 qu\u00e9 es lo que va a hacer\u00bb.<\/p>\n","protected":false},"excerpt":{"rendered":"<p>El vicepresidente del PRO y diputado nacional Federico Angelini (Juntos por el Cambio) advirti\u00f3 hoy que, con la designaci\u00f3n del libertario riojano Mart\u00edn Menem como presidente de la C\u00e1mara de Diputados, \u00abse negociar\u00e1 Ley por Ley\u00bb y dijo que, de esta manera, el Gobierno de Javier Milei \u00abeligi\u00f3 un camino que es distinto al de &hellip;<\/p>\n","protected":false},"author":2,"featured_media":0,"comment_status":"open","ping_status":"open","sticky":false,"template":"","format":"standard","meta":{"advanced_seo_description":"","jetpack_seo_html_title":"","jetpack_seo_noindex":false,"_jetpack_memberships_contains_paid_content":false,"footnotes":"","jetpack_publicize_message":"","jetpack_publicize_feature_enabled":true,"jetpack_social_post_already_shared":false,"jetpack_social_options":{"image_generator_settings":{"template":"highway","default_image_id":0,"font":"","enabled":false},"version":2}},"categories":[6],"tags":[],"class_list":["post-2743","post","type-post","status-publish","format-standard","hentry","category-calle-angosta"],"jetpack_publicize_connections":[],"jetpack_featured_media_url":"","jetpack_sharing_enabled":true,"_links":{"self":[{"href":"https:\/\/calleangosta.com\/ca\/wp-json\/wp\/v2\/posts\/2743","targetHints":{"allow":["GET"]}}],"collection":[{"href":"https:\/\/calleangosta.com\/ca\/wp-json\/wp\/v2\/posts"}],"about":[{"href":"https:\/\/calleangosta.com\/ca\/wp-json\/wp\/v2\/types\/post"}],"author":[{"embeddable":true,"href":"https:\/\/calleangosta.com\/ca\/wp-json\/wp\/v2\/users\/2"}],"replies":[{"embeddable":true,"href":"https:\/\/calleangosta.com\/ca\/wp-json\/wp\/v2\/comments?post=2743"}],"version-history":[{"count":1,"href":"https:\/\/calleangosta.com\/ca\/wp-json\/wp\/v2\/posts\/2743\/revisions"}],"predecessor-version":[{"id":6723,"href":"https:\/\/calleangosta.com\/ca\/wp-json\/wp\/v2\/posts\/2743\/revisions\/6723"}],"wp:attachment":[{"href":"https:\/\/calleangosta.com\/ca\/wp-json\/wp\/v2\/media?parent=2743"}],"wp:term":[{"taxonomy":"category","embeddable":true,"href":"https:\/\/calleangosta.com\/ca\/wp-json\/wp\/v2\/categories?post=2743"},{"taxonomy":"post_tag","embeddable":true,"href":"https:\/\/calleangosta.com\/ca\/wp-json\/wp\/v2\/tags?post=2743"}],"curies":[{"name":"wp","href":"https:\/\/api.w.org\/{rel}","templated":true}]}}