{"id":2745,"date":"2024-12-03T10:43:41","date_gmt":"2024-12-03T13:43:41","guid":{"rendered":"https:\/\/calleangosta.com\/ca\/?p=2745"},"modified":"2024-12-03T11:17:27","modified_gmt":"2024-12-03T14:17:27","slug":"juras-y-renovaciones-semana-crucial-en-san-luis-con-la-asuncion-de-legisladores-y-autoridades","status":"publish","type":"post","link":"https:\/\/calleangosta.com\/ca\/juras-y-renovaciones-semana-crucial-en-san-luis-con-la-asuncion-de-legisladores-y-autoridades\/","title":{"rendered":"Juras y Renovaciones: semana crucial en San Luis con la asunci\u00f3n de legisladores y autoridades"},"content":{"rendered":"<p>En una semana clave para la provincia de San Luis, se llevar\u00e1n a cabo las sesiones especiales de juramento para 26 diputados y senadores provinciales electos en los comicios del pasado 11 de junio. Este proceso se llevar\u00e1 a cabo en la C\u00e1mara de Diputados el martes a las 10:30 y, posteriormente, el jueves a las 10 en la C\u00e1mara de Senadores. Adem\u00e1s, se intensifican los preparativos para la renovaci\u00f3n de autoridades en ambos organismos legislativos.<\/p>\n<p><!--more--><\/p>\n<p>El Frente Uni\u00f3n por San Luis emerge como la fuerza dominante al obtener la mayor\u00eda de legisladores, posicion\u00e1ndose estrat\u00e9gicamente para ocupar roles fundamentales en las mesas directivas de ambas c\u00e1maras. Con 13 de las 21 bancas en juego en la C\u00e1mara baja y 3 de los 5 esca\u00f1os en la C\u00e1mara alta, su influencia ser\u00e1 determinante.<\/p>\n<p>La atenci\u00f3n se centra en la elecci\u00f3n del pr\u00f3ximo presidente de la C\u00e1mara de Diputados, con especulaciones y expectativas crecientes. La actual titular, Silvia Sosa Araujo, dejar\u00e1 su funci\u00f3n y el nombre del pr\u00f3ximo l\u00edder a\u00fan es una inc\u00f3gnita.<\/p>\n<p>En el Senado, la situaci\u00f3n presenta mayor claridad, ya que el vicegobernador Ricardo Endeiza asumir\u00e1 la presidencia en reemplazo de Eduardo Gast\u00f3n Mones Ruiz. Sin embargo, la incertidumbre persiste en la designaci\u00f3n de otros cargos estrat\u00e9gicos, como la presidencia provisional y las vicepresidencias primera y segunda.<\/p>\n<p>Tras las sesiones preparatorias legislativas, las miradas se dirigir\u00e1n hacia la asunci\u00f3n del gobernador electo Claudio Poggi y su compa\u00f1ero de f\u00f3rmula, el vicegobernador Ricardo Endeiza. La Asamblea General Legislativa, donde se les tomar\u00e1 juramento, est\u00e1 programada para el domingo a las 10.<\/p>\n<p>En paralelo, se llevar\u00e1 a cabo la renovaci\u00f3n de ediles en las ciudades de San Luis y Villa Mercedes. En Villa Mercedes, el mi\u00e9rcoles a las 10, se juramentar\u00e1n los siete concejales electos. Mientras tanto, en San Luis, el domingo a las 16:30, se realizar\u00e1 un acto similar. En este contexto, el dilema sobre qui\u00e9n presidir\u00e1 el Concejo en San Luis genera especulaciones, con el electo intendente Gast\u00f3n Hissa expresando su preferencia por una mujer en el cargo.<\/p>\n<p>Esta semana se presenta como un hito significativo en San Luis, marcada por juramentos, renovaciones y la toma de decisiones clave que configurar\u00e1n el futuro pol\u00edtico y legislativo de la provincia.<\/p>\n","protected":false},"excerpt":{"rendered":"<p>En una semana clave para la provincia de San Luis, se llevar\u00e1n a cabo las sesiones especiales de juramento para 26 diputados y senadores provinciales electos en los comicios del pasado 11 de junio. Este proceso se llevar\u00e1 a cabo en la C\u00e1mara de Diputados el martes a las 10:30 y, posteriormente, el jueves a &hellip;<\/p>\n","protected":false},"author":2,"featured_media":0,"comment_status":"open","ping_status":"open","sticky":false,"template":"","format":"standard","meta":{"advanced_seo_description":"","jetpack_seo_html_title":"","jetpack_seo_noindex":false,"_jetpack_memberships_contains_paid_content":false,"footnotes":"","jetpack_publicize_message":"","jetpack_publicize_feature_enabled":true,"jetpack_social_post_already_shared":false,"jetpack_social_options":{"image_generator_settings":{"template":"highway","default_image_id":0,"font":"","enabled":false},"version":2}},"categories":[6],"tags":[],"class_list":["post-2745","post","type-post","status-publish","format-standard","hentry","category-calle-angosta"],"jetpack_publicize_connections":[],"jetpack_featured_media_url":"","jetpack_sharing_enabled":true,"_links":{"self":[{"href":"https:\/\/calleangosta.com\/ca\/wp-json\/wp\/v2\/posts\/2745","targetHints":{"allow":["GET"]}}],"collection":[{"href":"https:\/\/calleangosta.com\/ca\/wp-json\/wp\/v2\/posts"}],"about":[{"href":"https:\/\/calleangosta.com\/ca\/wp-json\/wp\/v2\/types\/post"}],"author":[{"embeddable":true,"href":"https:\/\/calleangosta.com\/ca\/wp-json\/wp\/v2\/users\/2"}],"replies":[{"embeddable":true,"href":"https:\/\/calleangosta.com\/ca\/wp-json\/wp\/v2\/comments?post=2745"}],"version-history":[{"count":1,"href":"https:\/\/calleangosta.com\/ca\/wp-json\/wp\/v2\/posts\/2745\/revisions"}],"predecessor-version":[{"id":6721,"href":"https:\/\/calleangosta.com\/ca\/wp-json\/wp\/v2\/posts\/2745\/revisions\/6721"}],"wp:attachment":[{"href":"https:\/\/calleangosta.com\/ca\/wp-json\/wp\/v2\/media?parent=2745"}],"wp:term":[{"taxonomy":"category","embeddable":true,"href":"https:\/\/calleangosta.com\/ca\/wp-json\/wp\/v2\/categories?post=2745"},{"taxonomy":"post_tag","embeddable":true,"href":"https:\/\/calleangosta.com\/ca\/wp-json\/wp\/v2\/tags?post=2745"}],"curies":[{"name":"wp","href":"https:\/\/api.w.org\/{rel}","templated":true}]}}