{"id":2746,"date":"2024-12-03T10:43:41","date_gmt":"2024-12-03T13:43:41","guid":{"rendered":"https:\/\/calleangosta.com\/ca\/?p=2746"},"modified":"2024-12-03T11:17:26","modified_gmt":"2024-12-03T14:17:26","slug":"obispo-de-san-luis-pide-a-gobernantes-que-miren-siempre-al-mas-pequeno-al-mas-necesitado","status":"publish","type":"post","link":"https:\/\/calleangosta.com\/ca\/obispo-de-san-luis-pide-a-gobernantes-que-miren-siempre-al-mas-pequeno-al-mas-necesitado\/","title":{"rendered":"Obispo de San Luis pide a gobernantes que \u00abmiren siempre al m\u00e1s peque\u00f1o, al m\u00e1s necesitado\u00bb"},"content":{"rendered":"<p>El obispo de San Luis, monse\u00f1or Gabriel Barba, sostuvo que \u00ablamentablemente estamos en un tiempo de crisis\u00bb y en ese marco reclam\u00f3 a los gobernantes que \u00abmiren siempre al m\u00e1s peque\u00f1o, al m\u00e1s necesitado y busquen la prosperidad y la paz\u00bb.<\/p>\n<p>El prelado hizo estas afirmaciones en el Tedeum por los 167 a\u00f1os de la fundaci\u00f3n de la ciudad de Villa Mercedes en la parroquia Nuestra Se\u00f1ora de la Merced, con la presencia del intendente Maximiliano Frontera, funcionarios municipales, vecinos y fieles.<\/p>\n<p>Barba invit\u00f3 a pedirle a la Virgen de la Merced \u00abprosperidad y paz y ayuda en un tiempo, sin duda, dif\u00edcil\u00bb.<\/p>\n<p>\u00abA m\u00ed me cuesta decir esta frase porque parece un clich\u00e9 que lo repetimos desde hace d\u00e9cadas: &#8216;estamos en un tiempo de crisis&#8217;. Y lo seguimos repitiendo, pero es as\u00ed, sigue siendo actual, lamentablemente, tristemente actual\u00bb, alert\u00f3 el obispo, inform\u00f3 la agencia AICA.<\/p>\n<p>A\u00f1adi\u00f3, dirigi\u00e9ndose al jefe comunal villamercedino, que \u00aben nueve d\u00edas, Maxi, renovar\u00e1s tu mandato como Intendente, Claudio (Poggi) ser\u00e1 el nuevo gobernador. Tambi\u00e9n hoy agradecemos que el pueblo argentino, el pueblo de San Luis, haya podido expresarse y decir qu\u00e9 queremos como gobernante; a qui\u00e9n queremos como gobernantes y tambi\u00e9n esto, lo ponemos en las manos de Dios\u00bb.<\/p>\n<p>\u00abRezamos por ustedes para que esta tarea, que no va ser f\u00e1cil, sea para la prosperidad; sea para la paz; sea para la construcci\u00f3n, para el respeto de la vida; sea para la esperanza. No se puede vivir sin esperanza y no podemos lograr nada sino lo intentamos\u00bb, a\u00f1adi\u00f3 Barba.<\/p>\n<p>Pero a la vez pidi\u00f3 a los futuros gobernantes que \u00abcon la fuerza de Dios sean tambi\u00e9n las acciones de ustedes; que mirando siempre al m\u00e1s peque\u00f1o, mirando al m\u00e1s necesitado, mirando a todos busquen siempre la prosperidad y la paz\u00bb.<\/p>\n","protected":false},"excerpt":{"rendered":"<p>El obispo de San Luis, monse\u00f1or Gabriel Barba, sostuvo que \u00ablamentablemente estamos en un tiempo de crisis\u00bb y en ese marco reclam\u00f3 a los gobernantes que \u00abmiren siempre al m\u00e1s peque\u00f1o, al m\u00e1s necesitado y busquen la prosperidad y la paz\u00bb. El prelado hizo estas afirmaciones en el Tedeum por los 167 a\u00f1os de la &hellip;<\/p>\n","protected":false},"author":2,"featured_media":0,"comment_status":"open","ping_status":"open","sticky":false,"template":"","format":"standard","meta":{"advanced_seo_description":"","jetpack_seo_html_title":"","jetpack_seo_noindex":false,"_jetpack_memberships_contains_paid_content":false,"footnotes":"","jetpack_publicize_message":"","jetpack_publicize_feature_enabled":true,"jetpack_social_post_already_shared":false,"jetpack_social_options":{"image_generator_settings":{"template":"highway","default_image_id":0,"font":"","enabled":false},"version":2}},"categories":[6],"tags":[],"class_list":["post-2746","post","type-post","status-publish","format-standard","hentry","category-calle-angosta"],"jetpack_publicize_connections":[],"jetpack_featured_media_url":"","jetpack_sharing_enabled":true,"_links":{"self":[{"href":"https:\/\/calleangosta.com\/ca\/wp-json\/wp\/v2\/posts\/2746","targetHints":{"allow":["GET"]}}],"collection":[{"href":"https:\/\/calleangosta.com\/ca\/wp-json\/wp\/v2\/posts"}],"about":[{"href":"https:\/\/calleangosta.com\/ca\/wp-json\/wp\/v2\/types\/post"}],"author":[{"embeddable":true,"href":"https:\/\/calleangosta.com\/ca\/wp-json\/wp\/v2\/users\/2"}],"replies":[{"embeddable":true,"href":"https:\/\/calleangosta.com\/ca\/wp-json\/wp\/v2\/comments?post=2746"}],"version-history":[{"count":1,"href":"https:\/\/calleangosta.com\/ca\/wp-json\/wp\/v2\/posts\/2746\/revisions"}],"predecessor-version":[{"id":6720,"href":"https:\/\/calleangosta.com\/ca\/wp-json\/wp\/v2\/posts\/2746\/revisions\/6720"}],"wp:attachment":[{"href":"https:\/\/calleangosta.com\/ca\/wp-json\/wp\/v2\/media?parent=2746"}],"wp:term":[{"taxonomy":"category","embeddable":true,"href":"https:\/\/calleangosta.com\/ca\/wp-json\/wp\/v2\/categories?post=2746"},{"taxonomy":"post_tag","embeddable":true,"href":"https:\/\/calleangosta.com\/ca\/wp-json\/wp\/v2\/tags?post=2746"}],"curies":[{"name":"wp","href":"https:\/\/api.w.org\/{rel}","templated":true}]}}