{"id":2747,"date":"2024-12-03T10:43:41","date_gmt":"2024-12-03T13:43:41","guid":{"rendered":"https:\/\/calleangosta.com\/ca\/?p=2747"},"modified":"2024-12-03T11:17:22","modified_gmt":"2024-12-03T14:17:22","slug":"fernandez-dijo-que-acuerdo-mercosur-union-europea-aun-no-se-firmo-por-resistencia-dentro-de-europa","status":"publish","type":"post","link":"https:\/\/calleangosta.com\/ca\/fernandez-dijo-que-acuerdo-mercosur-union-europea-aun-no-se-firmo-por-resistencia-dentro-de-europa\/","title":{"rendered":"Fern\u00e1ndez dijo que acuerdo Mercosur-Uni\u00f3n Europea a\u00fan no se firm\u00f3 por \u00abresistencia dentro de Europa\u00bb"},"content":{"rendered":"<p>El presidente Alberto Fern\u00e1ndez remarc\u00f3 hoy que el acuerdo entre el Mercosur y la Uni\u00f3n Europa a\u00fan no se firm\u00f3 porque \u00abencontr\u00f3 resistencia dentro de Europa\u00bb y, si bien manifest\u00f3 su intenci\u00f3n de suscribir ese convenio, llam\u00f3 a debatir primero \u00abdeterminadas condiciones que permitan sostener y hacer crecer nuestras industrias\u00bb.<\/p>\n<p><!--more--><\/p>\n<p>\u00abEl acuerdo Mercosur-Uni\u00f3n Europea no se ha firmado no porque Argentina no quiera sino porque encontr\u00f3 resistencia dentro de Europa\u00bb, se\u00f1al\u00f3 el Presidente en di\u00e1logo con Radio Futurock.<\/p>\n<p>Fern\u00e1ndez aclar\u00f3 que su intenci\u00f3n es \u00abfirmarlo\u00bb porque cree que \u00abgeopol\u00edticamente es correcto un acuerdo\u00bb entre ambos bloques, pero advirti\u00f3 que para hacerlo quiere discutir antes \u00abdeterminadas condiciones que nos permitan sostener y hacer crecer nuestras industrias\u00bb.<\/p>\n<p>\u00abQuiero discutir algo que le sirva a los argentinos, es un acuerdo entre dos regiones, hay intereses que tener en cuenta\u00bb, agreg\u00f3.<\/p>\n<p>Fern\u00e1ndez asistir\u00e1 el mi\u00e9rcoles y jueves pr\u00f3ximos a la Cumbre del Mercado Com\u00fan del Sur (Mercosur) en R\u00edo de Janeiro, en su \u00faltima actividad antes de la finalizaci\u00f3n de su mandato, el 10 de diciembre, cuando entregue el poder al mandatario electo Javier Milei.<\/p>\n<p>La mayor expectativa de ese encuentro est\u00e1 puesta en la posibilidad de cerrar el acuerdo comercial entre la Uni\u00f3n Europea y el Mercosur, para el que todav\u00eda las negociaciones est\u00e1n en curso.<\/p>\n<p>Por otro lado, consultado sobre el \u00edndice de pobreza en el plano dom\u00e9stico, afirm\u00f3 que tiene \u00aben claro que ha crecido\u00bb durante su gesti\u00f3n pero manifest\u00f3 que su \u00abduda\u00bb es si \u00abesos son los n\u00fameros exactos\u00bb.<\/p>\n<p>\u00abTengo dudas del m\u00e9todo de la cuenta\u00bb, dijo y manifest\u00f3 que le traslad\u00f3 esa inquietud \u00abhace mucho tiempo\u00bb al director del Indec, Marco Lavagna, aunque aclar\u00f3 que como presidente \u00abnunca\u00bb corrigi\u00f3 el sistema de medici\u00f3n \u00abpara que nadie piense que lo estoy haciendo en mi beneficio\u00bb.<\/p>\n<p>Adem\u00e1s, desminti\u00f3 que se vaya a \u00abvivir a Espa\u00f1a\u00bb tras finalizar su mandato y afirm\u00f3 que va a \u00abdar clases\u00bb y quedarse \u00abunos meses\u00bb en el pa\u00eds ib\u00e9rico durante \u00abel verano argentino\u00bb.<\/p>\n<p>Pero s\u00ed admiti\u00f3 que busca \u00abpreservar\u00bb a su hijo menor Francisco, de un a\u00f1o y medio, para \u00absacarlo\u00bb del \u00abambiente tan nocivo\u00bb en Argentina \u00abde confrontaci\u00f3n permanente\u00bb.<\/p>\n<p>\u00abTermin\u00f3 mi vocaci\u00f3n de postularme a cargos p\u00fablicos porque ya alcanc\u00e9 la presidente\u00bb, revel\u00f3 al ser consultado sobre su futuro en la pol\u00edtica, y asegur\u00f3 que, pese a esa decisi\u00f3n, estar\u00e1 \u00abdando pelea para que no destruyan lo que hemos hecho\u00bb.<\/p>\n","protected":false},"excerpt":{"rendered":"<p>El presidente Alberto Fern\u00e1ndez remarc\u00f3 hoy que el acuerdo entre el Mercosur y la Uni\u00f3n Europa a\u00fan no se firm\u00f3 porque \u00abencontr\u00f3 resistencia dentro de Europa\u00bb y, si bien manifest\u00f3 su intenci\u00f3n de suscribir ese convenio, llam\u00f3 a debatir primero \u00abdeterminadas condiciones que permitan sostener y hacer crecer nuestras industrias\u00bb. \u00abEl acuerdo Mercosur-Uni\u00f3n Europea no &hellip;<\/p>\n","protected":false},"author":2,"featured_media":0,"comment_status":"open","ping_status":"open","sticky":false,"template":"","format":"standard","meta":{"advanced_seo_description":"","jetpack_seo_html_title":"","jetpack_seo_noindex":false,"_jetpack_memberships_contains_paid_content":false,"footnotes":"","jetpack_publicize_message":"","jetpack_publicize_feature_enabled":true,"jetpack_social_post_already_shared":false,"jetpack_social_options":{"image_generator_settings":{"template":"highway","default_image_id":0,"font":"","enabled":false},"version":2}},"categories":[6],"tags":[],"class_list":["post-2747","post","type-post","status-publish","format-standard","hentry","category-calle-angosta"],"jetpack_publicize_connections":[],"jetpack_featured_media_url":"","jetpack_sharing_enabled":true,"_links":{"self":[{"href":"https:\/\/calleangosta.com\/ca\/wp-json\/wp\/v2\/posts\/2747","targetHints":{"allow":["GET"]}}],"collection":[{"href":"https:\/\/calleangosta.com\/ca\/wp-json\/wp\/v2\/posts"}],"about":[{"href":"https:\/\/calleangosta.com\/ca\/wp-json\/wp\/v2\/types\/post"}],"author":[{"embeddable":true,"href":"https:\/\/calleangosta.com\/ca\/wp-json\/wp\/v2\/users\/2"}],"replies":[{"embeddable":true,"href":"https:\/\/calleangosta.com\/ca\/wp-json\/wp\/v2\/comments?post=2747"}],"version-history":[{"count":1,"href":"https:\/\/calleangosta.com\/ca\/wp-json\/wp\/v2\/posts\/2747\/revisions"}],"predecessor-version":[{"id":6719,"href":"https:\/\/calleangosta.com\/ca\/wp-json\/wp\/v2\/posts\/2747\/revisions\/6719"}],"wp:attachment":[{"href":"https:\/\/calleangosta.com\/ca\/wp-json\/wp\/v2\/media?parent=2747"}],"wp:term":[{"taxonomy":"category","embeddable":true,"href":"https:\/\/calleangosta.com\/ca\/wp-json\/wp\/v2\/categories?post=2747"},{"taxonomy":"post_tag","embeddable":true,"href":"https:\/\/calleangosta.com\/ca\/wp-json\/wp\/v2\/tags?post=2747"}],"curies":[{"name":"wp","href":"https:\/\/api.w.org\/{rel}","templated":true}]}}