{"id":2749,"date":"2024-12-03T10:43:41","date_gmt":"2024-12-03T13:43:41","guid":{"rendered":"https:\/\/calleangosta.com\/ca\/?p=2749"},"modified":"2024-12-03T11:17:17","modified_gmt":"2024-12-03T14:17:17","slug":"el-papa-urge-a-la-cop28-a-implementar-sin-demora-conversion-ecologica-global","status":"publish","type":"post","link":"https:\/\/calleangosta.com\/ca\/el-papa-urge-a-la-cop28-a-implementar-sin-demora-conversion-ecologica-global\/","title":{"rendered":"El papa urge a la COP28 a implementar sin demora \u00abconversi\u00f3n ecol\u00f3gica global\u00bb"},"content":{"rendered":"<p>El papa Francisco llam\u00f3 hoy a los participantes de la conferencia internacional sobre cambio clim\u00e1tico COP28 a implementar sin demora una \u00abnecesaria conversi\u00f3n ecol\u00f3gica global\u00bb y a superar los \u00abnacionalismos\u00bb para llegar a una \u00abvisi\u00f3n com\u00fan\u00bb.<\/p>\n<p><!--more--><\/p>\n<p>\u00abAunque sea a distancia, sigo los trabajos de la COP28 de Dubai con atenci\u00f3n (&#8230;). Renuevo mi llamado para responder al cambio clim\u00e1tico con cambios pol\u00edticos concretos\u00bb, afirm\u00f3 el pont\u00edfice argentino, que sufre de una bronquitis y no pudo asistir al encuentro, desde el Vaticano.<\/p>\n<p>\u00abSalgamos de las estrecheces del particularismo y del nacionalismo, esquemas del pasado, y abracemos una visi\u00f3n com\u00fan, comprometi\u00e9ndonos todos ahora sin demora con una necesaria conversi\u00f3n ecol\u00f3gica global\u00bb, a\u00f1adi\u00f3, en un texto le\u00eddo por uno de sus asistentes sentado a su lado tras la oraci\u00f3n del \u00c1ngelus, inform\u00f3 la agencia de noticias AFP.<\/p>\n<p>El papa se vio obligado a anular su esperada visita a Dubai, en Emiratos \u00c1rabes Unidos, para participar en la conferencia de Naciones Unidas sobre el clima, que empez\u00f3 el 30 de noviembre y concluir\u00e1 el 12 de diciembre.<\/p>\n<p>Francisco, a\u00fan cansado, no pudo presidir el \u00c1ngelus este domingo desde su ventana del Palacio Apost\u00f3lico en la plaza de San Pedro, pero sus im\u00e1genes fueron transmitidas en pantallas gigantes.<\/p>\n<p>A trav\u00e9s del secretario de Estado del Vaticano, el cardenal Pietro Parolin, que viaj\u00f3 a Dubai en su lugar, pidi\u00f3 ayer los participantes de la COP28 un \u00abpunto de inflexi\u00f3n\u00bb para acelerar la transici\u00f3n ecol\u00f3gica.<\/p>\n<p>Desde su elecci\u00f3n en 2013, Francisco ha hecho de la defensa del medioambiente uno de los ejes de su papado.<\/p>\n<p>El Papa dedic\u00f3 a la cuesti\u00f3n su enc\u00edclica Laudato Si, en 2015, un manifiesto de 200 p\u00e1ginas por una \u00abecolog\u00eda integral\u00bb, y el pasado 4 de octubre public\u00f3 la exhortaci\u00f3n apost\u00f3lica Laudate Deum, que pide a las grandes potencias abandonar las energ\u00edas f\u00f3siles.<\/p>\n","protected":false},"excerpt":{"rendered":"<p>El papa Francisco llam\u00f3 hoy a los participantes de la conferencia internacional sobre cambio clim\u00e1tico COP28 a implementar sin demora una \u00abnecesaria conversi\u00f3n ecol\u00f3gica global\u00bb y a superar los \u00abnacionalismos\u00bb para llegar a una \u00abvisi\u00f3n com\u00fan\u00bb. \u00abAunque sea a distancia, sigo los trabajos de la COP28 de Dubai con atenci\u00f3n (&#8230;). Renuevo mi llamado para &hellip;<\/p>\n","protected":false},"author":2,"featured_media":0,"comment_status":"open","ping_status":"open","sticky":false,"template":"","format":"standard","meta":{"advanced_seo_description":"","jetpack_seo_html_title":"","jetpack_seo_noindex":false,"_jetpack_memberships_contains_paid_content":false,"footnotes":"","jetpack_publicize_message":"","jetpack_publicize_feature_enabled":true,"jetpack_social_post_already_shared":false,"jetpack_social_options":{"image_generator_settings":{"template":"highway","default_image_id":0,"font":"","enabled":false},"version":2}},"categories":[6],"tags":[],"class_list":["post-2749","post","type-post","status-publish","format-standard","hentry","category-calle-angosta"],"jetpack_publicize_connections":[],"jetpack_featured_media_url":"","jetpack_sharing_enabled":true,"_links":{"self":[{"href":"https:\/\/calleangosta.com\/ca\/wp-json\/wp\/v2\/posts\/2749","targetHints":{"allow":["GET"]}}],"collection":[{"href":"https:\/\/calleangosta.com\/ca\/wp-json\/wp\/v2\/posts"}],"about":[{"href":"https:\/\/calleangosta.com\/ca\/wp-json\/wp\/v2\/types\/post"}],"author":[{"embeddable":true,"href":"https:\/\/calleangosta.com\/ca\/wp-json\/wp\/v2\/users\/2"}],"replies":[{"embeddable":true,"href":"https:\/\/calleangosta.com\/ca\/wp-json\/wp\/v2\/comments?post=2749"}],"version-history":[{"count":1,"href":"https:\/\/calleangosta.com\/ca\/wp-json\/wp\/v2\/posts\/2749\/revisions"}],"predecessor-version":[{"id":6717,"href":"https:\/\/calleangosta.com\/ca\/wp-json\/wp\/v2\/posts\/2749\/revisions\/6717"}],"wp:attachment":[{"href":"https:\/\/calleangosta.com\/ca\/wp-json\/wp\/v2\/media?parent=2749"}],"wp:term":[{"taxonomy":"category","embeddable":true,"href":"https:\/\/calleangosta.com\/ca\/wp-json\/wp\/v2\/categories?post=2749"},{"taxonomy":"post_tag","embeddable":true,"href":"https:\/\/calleangosta.com\/ca\/wp-json\/wp\/v2\/tags?post=2749"}],"curies":[{"name":"wp","href":"https:\/\/api.w.org\/{rel}","templated":true}]}}