{"id":2750,"date":"2024-12-03T10:43:40","date_gmt":"2024-12-03T13:43:40","guid":{"rendered":"https:\/\/calleangosta.com\/ca\/?p=2750"},"modified":"2024-12-03T11:17:15","modified_gmt":"2024-12-03T14:17:15","slug":"asumen-20-gobernadores-y-jefe-de-gobierno-porteno-y-se-completa-el-poder-territorial-del-pais","status":"publish","type":"post","link":"https:\/\/calleangosta.com\/ca\/asumen-20-gobernadores-y-jefe-de-gobierno-porteno-y-se-completa-el-poder-territorial-del-pais\/","title":{"rendered":"Asumen 20 gobernadores y jefe de Gobierno porte\u00f1o y se completa el poder territorial del pa\u00eds"},"content":{"rendered":"<p>Gobernadores electos de 20 provincias y el jefe de Gobierno porte\u00f1o asumir\u00e1n sus mandatos entre el 9 y 17 de diciembre, con lo que se conformar\u00e1 el mapa de poder territorial con el que deber\u00e1 convivir el presidente entrante Javier Milei en sus cuatro a\u00f1os al frente de la Casa Rosada.<\/p>\n<p><!--more--><\/p>\n<p>Quince ser\u00e1n los distritos que tendr\u00e1n nuevos gobernantes a partir del 10 de diciembre en paralelo al arribo del l\u00edder de la Libertad Avanza (LLA) a la Presidencia.<\/p>\n<p>Estas son: Ciudad Aut\u00f3noma de Buenos Aires, C\u00f3rdoba, Santa Fe, Santa Cruz, R\u00edo Negro, Neuqu\u00e9n, Jujuy, Formosa, Misiones, San Luis, San Juan, La Rioja, Catamarca, La Pampa y Salta.<\/p>\n<p>Un d\u00eda antes lo har\u00e1n los gobernadores electos de Mendoza, Chubut y Chaco.<\/p>\n<p>En tanto, el 11 de diciembre jurar\u00e1n sus mandatos el reelecto mandatario de la provincia de Buenos Aires, Axel Kicillof, y Rogelio Frigerio, entrante gobernador de Entre R\u00edos; mientras que el 17 de diciembre har\u00e1 lo propio en Tierra del Fuego el tambi\u00e9n reelecto Gustavo Melella.<\/p>\n<p>Completan el mapa Santiago del Estero y Corrientes, provincias donde no habr\u00e1 traspaso de mando por tener otro cronograma electoral, y Tucum\u00e1n, cuyo gobernador, el peronista Osvaldo Jaldo, asumi\u00f3 el 29 de octubre pasado.<\/p>\n<p>El radical Alfredo Cornejo jurar\u00e1 como gobernador el s\u00e1bado 9 de diciembre ante la Asamblea Legislativa provincial, para luego acudir a la ceremonia de traspaso de mando, prevista para las 19.30 en la explanada de la Casa de Gobierno, donde el actual senador nacional recibir\u00e1 los atributos de parte de el mandatario saliente, Rodolfo Suarez.<\/p>\n<p>El dirigente radical, que asumir\u00e1 por segunda vez como gobernador tras haber ejercido ese cargo en el per\u00edodo 2015-2019, accedi\u00f3 a un nuevo mandato luego de imponerse con el 39,50% de los votos en las elecciones provinciales del 24 de setiembre pasado.<\/p>\n<p>Ese mismo d\u00eda, el senador nacional Ignacio Torres (PRO) jurar\u00e1 como gobernador de Chubut, en una ceremonia que se desarrollar\u00e1 desde las 17 en la Legislatura provincial, tras lo cual brindar\u00e1 el discurso de inicio de gesti\u00f3n.<\/p>\n<p>Tambi\u00e9n el 9 de diciembre asumir\u00e1 en Chaco Leandro Zdero (Juntos por el Cambio), quien en un acto, a partir de las 11, en la Casa de Gobierno provincial, recibir\u00e1 de manos del actual gobernador, Jorge Capitanich, los atributos de mando.<\/p>\n<p>Zdero fue electo gobernador con el 46,13% de los votos el pasado 17 de septiembre, poniendo fin a 16 a\u00f1os de hegemon\u00eda peronista en el Chaco.<\/p>\n<p>El 7 de diciembre asumir\u00e1 el electo jefe de Gobierno porte\u00f1o, Jorge Macri, quien prestar\u00e1 juramento, a las 9, en una sesi\u00f3n especial en la Legislatura porte\u00f1a y, por la tarde, recibir\u00e1 los atributos de mando de Horacio Rodr\u00edguez Larreta en una ceremonia en la Usina del Arte.<\/p>\n<p>En tanto, el 10 de diciembre, el electo gobernador de C\u00f3rdoba, Mart\u00edn Llaryora, prestar\u00e1 juramento, a las 8 ante la Legislatura unicameral de la provincia, para luego trasladarse a la ciudad de Buenos Aires para participar de la asunci\u00f3n presidencial de Milei.<\/p>\n<p>En esa misma jornada, a las 19, el gobernador saliente Juan Schiaretti le traspasar\u00e1 la banda y el bast\u00f3n gubernamental durante un acto p\u00fablico que se realizar\u00e1 en la Plaza C\u00edvica de la ciudad de San Francisco, lugar natal del mandatario electo, en el departamento San Justo.<\/p>\n<p>Llaryora logr\u00f3 alcanzar la Gobernaci\u00f3n tras su victoria electoral en las elecciones provinciales del 25 de junio pasado, en las que se impuso con el 45,19% de los votos.<\/p>\n<p>Tambi\u00e9n el 10 de diciembre, pero en Santa Fe, asumir\u00e1 la Gobernaci\u00f3n el radical Maximiliano Pullaro, quien prestar\u00e1 juramento en una ceremonia a realizarse en la C\u00e1mara de Diputados provincial, cuyo horario resta confirmar, pues el mandatario electo tiene previsto, en primer lugar, asistir a la jura de Milei.<\/p>\n<p>Pullaro asumir\u00e1 en la Legislatura y luego se trasladar\u00e1 a la Casa Gris para tomar juramento a sus ministros, en una ceremonia que, si las condiciones clim\u00e1ticas lo permiten, podr\u00eda realizarse en la explanada que da a la Plaza 25 de Mayo.<\/p>\n<p>El reelecto gobernador de Formosa, Gildo Insfr\u00e1n, ser\u00e1 otro de los que asumir\u00e1 el domingo de la semana entrante.<\/p>\n<p>El l\u00edder peronista prestar\u00e1 juramento y dar\u00e1 inicio a su octavo mandato ante la Legislatura distrital, donde brindar\u00e1 un discurso en el que realizar\u00e1 un balance de gesti\u00f3n y definir\u00e1 los principales lineamientos de su pr\u00f3ximo gobierno.<\/p>\n<p>El 10 tambi\u00e9n ser\u00e1 el acto de asunci\u00f3n del juje\u00f1o Carlos Sadir, quien prestar\u00e1 juramento en una ceremonia a realizarse en la Legislatura provincial, en horario a confirmar.<\/p>\n<p>El sucesor del actual gobernador Gerardo Morales (Frente Cambia Jujuy) se impuso en las elecciones provinciales del pasado 7 de mayo por m\u00e1s del 49% de los votos.<\/p>\n<p>En La Rioja, el actual gobernador peronista, Ricardo Quintela, iniciar\u00e1 formalmente su segunda gesti\u00f3n, con un acto que tendr\u00e1 lugar en la remodelada sala del Teatro V\u00edctor Mar\u00eda C\u00e1ceres, a partir de las 20, y con transmisi\u00f3n en vivo a trav\u00e9s de los medios y redes oficiales.<\/p>\n<p>Quintela obtuvo su reelecci\u00f3n en mayo pasado con el 50,7% de los votos.<\/p>\n<p>En tanto, Hugo Passalacqua (Frente Renovador de la Concordia) asumir\u00e1 un nuevo mandato en Misiones, durante un acto a realizarse a partir de las 9 en la Legislatura provincial.<\/p>\n<p>Passalacqua logr\u00f3 un nuevo per\u00edodo al frente de la provincia (el anterior fue del 2015 al 2019) al triunfar con 64.21% de los votos.<\/p>\n<p>En R\u00edo Negro, Alberto Weretilneck (Juntos Somos R\u00edo Negro) asumir\u00e1 su tercer mandato, a las 11, en el recinto de la Legislatura provincial y por la tarde tomar\u00e1 juramento a los ocho ministros que integrar\u00e1n el nuevo Poder Ejecutivo rionegrino.<\/p>\n<p>Otro de los que asumir\u00e1 ese d\u00eda ser\u00e1 el gobernador electo de Neuqu\u00e9n, Rolando Figueroa, quien prestar\u00e1 juramento en un acto que se realizar\u00e1 en la Legislatura de Neuqu\u00e9n.<\/p>\n<p>En horas del mediod\u00eda, Figueroa tomar\u00e1 juramento a miembros de su gabinete en un acto que se realizar\u00e1 en la Casa de Gobierno neuquino.<\/p>\n<p>En Santa Cruz har\u00e1 lo propio el gobernador electo Claudio Vidal, en una ceremonia anunciada para las 15.30 en el Polideportivo del Sindicato Petrolero, Gas Privado y Energ\u00edas Renovables de R\u00edo Gallegos.<\/p>\n<p>El cronograma de asunciones para el 10 de diciembre incluye tambi\u00e9n a San Luis, donde el gobernador electo Claudio Poggi prestar\u00e1 el juramento de rigor en la Legislatura provincial, dando inicio a su segundo mandato al frente de esa provincia. El primer periodo fue 2011-2015 cuando pertenec\u00eda al oficialismo local liderado por el actual gobernador, el peronista Alberto Rodr\u00edguez Sa\u00e1.<\/p>\n<p>Poggi fue elegido gobernador en los comicios provinciales del pasado 11 de junio cuando se impuso con el 52,9% de los votos.<\/p>\n<p>En San Juan, el gobernador electo, Marcelo Orrego (JxC), asumir\u00e1 el cargo en una ceremonia a realizarse a partir de las 19 en la Legislatura provincial, donde prestar\u00e1 juramento ante el pleno de ese cuerpo y emitir\u00e1 su primer discurso como mandatario.<\/p>\n<p>Aproximadamente una hora despu\u00e9s, en el Teatro del Bicentenario de la capital sanjuanina, Orrego recibir\u00e1 los atributos de mando y tomar\u00e1 juramento a sus ministros.<\/p>\n<p>La n\u00f3mina de provincias cuyos mandatarios asumen el 10 de diciembre la completa Catamarca, donde tomar\u00e1 juramento el reelecto gobernador Ra\u00fal Jalil, (Uni\u00f3n por la Patria).<\/p>\n<p>Jalil fue reelecto en el cargo en las elecciones locales del 23 de octubre pasado, en las que obtuvo el 43% de los votos.<\/p>\n<p>El 11 de diciembre, en tanto, ser\u00e1 el turno de Buenos Aires y Entre R\u00edos.<\/p>\n<p>El reelecto gobernador Axel Kicillof y la vicegobernadora Ver\u00f3nica Magario jurar\u00e1n nuevamente para ejercer esos cargos ante la Asamblea Legislativa, en la C\u00e1mara de Diputados bonaerense.<\/p>\n<p>Kicillof gan\u00f3 las elecciones generales del pasado 22 de octubre con el 45% de los votos.<\/p>\n<p>En tanto, el gobernador electo de Entre R\u00edos, Rogelio Frigerio, tendr\u00e1 su asunci\u00f3n oficial a las 18.45 en la Casa de Gobierno provincial, en la ciudad de Paran\u00e1, capital entrerriana.<\/p>\n<p>El dirigente del PRO gan\u00f3 la elecci\u00f3n con el 41,68% de los votos.<\/p>\n<p>La grilla de asunciones cerrar\u00e1 el 17 de diciembre en Tierra del Fuego, donde el gobernador Gustavo Melella asumir\u00e1 su segundo mandato consecutivo al frente del Poder Ejecutivo provincial.<\/p>\n<p>Melella, quien result\u00f3 reelecto el 14 de mayo \u00faltimo con el 51% de los votos, prestar\u00e1 juramento en un acto a desarrollarse en el gimnasio del colegio Don Bosco de la ciudad de R\u00edo Grande.<\/p>\n","protected":false},"excerpt":{"rendered":"<p>Gobernadores electos de 20 provincias y el jefe de Gobierno porte\u00f1o asumir\u00e1n sus mandatos entre el 9 y 17 de diciembre, con lo que se conformar\u00e1 el mapa de poder territorial con el que deber\u00e1 convivir el presidente entrante Javier Milei en sus cuatro a\u00f1os al frente de la Casa Rosada. Quince ser\u00e1n los distritos &hellip;<\/p>\n","protected":false},"author":2,"featured_media":0,"comment_status":"open","ping_status":"open","sticky":false,"template":"","format":"standard","meta":{"advanced_seo_description":"","jetpack_seo_html_title":"","jetpack_seo_noindex":false,"_jetpack_memberships_contains_paid_content":false,"footnotes":"","jetpack_publicize_message":"","jetpack_publicize_feature_enabled":true,"jetpack_social_post_already_shared":false,"jetpack_social_options":{"image_generator_settings":{"template":"highway","default_image_id":0,"font":"","enabled":false},"version":2}},"categories":[6],"tags":[],"class_list":["post-2750","post","type-post","status-publish","format-standard","hentry","category-calle-angosta"],"jetpack_publicize_connections":[],"jetpack_featured_media_url":"","jetpack_sharing_enabled":true,"_links":{"self":[{"href":"https:\/\/calleangosta.com\/ca\/wp-json\/wp\/v2\/posts\/2750","targetHints":{"allow":["GET"]}}],"collection":[{"href":"https:\/\/calleangosta.com\/ca\/wp-json\/wp\/v2\/posts"}],"about":[{"href":"https:\/\/calleangosta.com\/ca\/wp-json\/wp\/v2\/types\/post"}],"author":[{"embeddable":true,"href":"https:\/\/calleangosta.com\/ca\/wp-json\/wp\/v2\/users\/2"}],"replies":[{"embeddable":true,"href":"https:\/\/calleangosta.com\/ca\/wp-json\/wp\/v2\/comments?post=2750"}],"version-history":[{"count":1,"href":"https:\/\/calleangosta.com\/ca\/wp-json\/wp\/v2\/posts\/2750\/revisions"}],"predecessor-version":[{"id":6716,"href":"https:\/\/calleangosta.com\/ca\/wp-json\/wp\/v2\/posts\/2750\/revisions\/6716"}],"wp:attachment":[{"href":"https:\/\/calleangosta.com\/ca\/wp-json\/wp\/v2\/media?parent=2750"}],"wp:term":[{"taxonomy":"category","embeddable":true,"href":"https:\/\/calleangosta.com\/ca\/wp-json\/wp\/v2\/categories?post=2750"},{"taxonomy":"post_tag","embeddable":true,"href":"https:\/\/calleangosta.com\/ca\/wp-json\/wp\/v2\/tags?post=2750"}],"curies":[{"name":"wp","href":"https:\/\/api.w.org\/{rel}","templated":true}]}}