{"id":2754,"date":"2024-12-03T10:43:39","date_gmt":"2024-12-03T13:43:39","guid":{"rendered":"https:\/\/calleangosta.com\/ca\/?p=2754"},"modified":"2024-12-03T11:17:04","modified_gmt":"2024-12-03T14:17:04","slug":"en-diputados-vamos-a-ser-una-oposicion-unida-y-coherente-con-nuestra-doctrina-aseguro-cafiero","status":"publish","type":"post","link":"https:\/\/calleangosta.com\/ca\/en-diputados-vamos-a-ser-una-oposicion-unida-y-coherente-con-nuestra-doctrina-aseguro-cafiero\/","title":{"rendered":"\u00abEn Diputados vamos a ser una oposici\u00f3n unida y coherente con nuestra doctrina\u00bb, asegur\u00f3 Cafiero"},"content":{"rendered":"<p>El canciller Santiago Cafiero, diputado electo por Uni\u00f3n por la Patria (UxP), afirm\u00f3 hoy que ese bloque va a conformar una \u00aboposici\u00f3n unida y coherente\u00bb con la doctrina peronista, y se manifest\u00f3 en contra e realizar \u00abun ajuste como el que propone\u00bb el presidente electo Javier Milei.<\/p>\n<p><!--more--><\/p>\n<p>\u00abVamos a ser una oposici\u00f3n unida y coherente con nuestra doctrina en Diputados. Es un modelo de pa\u00eds distinto el que proponemos nosotros, un pa\u00eds que busca expandir, generar producci\u00f3n y empleo. Para ser un pa\u00eds con un mercado potente no pod\u00e9s hacer un ajuste como el que propone Milei ni como el que llev\u00f3 adelante el macrismo\u00bb, afirm\u00f3 Cafiero en declaraciones a radio Futurock.<\/p>\n<p>El canciller se pronunci\u00f3 as\u00ed en contra de \u00abrifar la soberan\u00eda monetaria\u00bb o de \u00abvender empresas publicas\u00bb y anticip\u00f3 que el mi\u00e9rcoles habr\u00e1 una reuni\u00f3n de bloque para \u00abdiscutir sobre la presidencia de Mart\u00edn Menem\u00bb, el legislador de La Libertad Avanza (LLA) propuesto por esa fuerza para presidir la C\u00e1mara baja.<\/p>\n<p>\u00abEl presidente de nuestro bloque sigue siendo Germ\u00e1n Mart\u00ednez este a\u00f1o. Hizo una gran tarea y sigue trabajando por la unidad del espacio\u00bb, subray\u00f3.<\/p>\n<p>Cafiero subray\u00f3 adempas que el presidente saliente Alberto Fern\u00e1ndez y Milei representan \u00abmodelos absolutamente distintos y gobiernos con objetivos distintos\u00bb.<\/p>\n","protected":false},"excerpt":{"rendered":"<p>El canciller Santiago Cafiero, diputado electo por Uni\u00f3n por la Patria (UxP), afirm\u00f3 hoy que ese bloque va a conformar una \u00aboposici\u00f3n unida y coherente\u00bb con la doctrina peronista, y se manifest\u00f3 en contra e realizar \u00abun ajuste como el que propone\u00bb el presidente electo Javier Milei. \u00abVamos a ser una oposici\u00f3n unida y coherente &hellip;<\/p>\n","protected":false},"author":2,"featured_media":0,"comment_status":"open","ping_status":"open","sticky":false,"template":"","format":"standard","meta":{"advanced_seo_description":"","jetpack_seo_html_title":"","jetpack_seo_noindex":false,"_jetpack_memberships_contains_paid_content":false,"footnotes":"","jetpack_publicize_message":"","jetpack_publicize_feature_enabled":true,"jetpack_social_post_already_shared":false,"jetpack_social_options":{"image_generator_settings":{"template":"highway","default_image_id":0,"font":"","enabled":false},"version":2}},"categories":[6],"tags":[],"class_list":["post-2754","post","type-post","status-publish","format-standard","hentry","category-calle-angosta"],"jetpack_publicize_connections":[],"jetpack_featured_media_url":"","jetpack_sharing_enabled":true,"_links":{"self":[{"href":"https:\/\/calleangosta.com\/ca\/wp-json\/wp\/v2\/posts\/2754","targetHints":{"allow":["GET"]}}],"collection":[{"href":"https:\/\/calleangosta.com\/ca\/wp-json\/wp\/v2\/posts"}],"about":[{"href":"https:\/\/calleangosta.com\/ca\/wp-json\/wp\/v2\/types\/post"}],"author":[{"embeddable":true,"href":"https:\/\/calleangosta.com\/ca\/wp-json\/wp\/v2\/users\/2"}],"replies":[{"embeddable":true,"href":"https:\/\/calleangosta.com\/ca\/wp-json\/wp\/v2\/comments?post=2754"}],"version-history":[{"count":1,"href":"https:\/\/calleangosta.com\/ca\/wp-json\/wp\/v2\/posts\/2754\/revisions"}],"predecessor-version":[{"id":6712,"href":"https:\/\/calleangosta.com\/ca\/wp-json\/wp\/v2\/posts\/2754\/revisions\/6712"}],"wp:attachment":[{"href":"https:\/\/calleangosta.com\/ca\/wp-json\/wp\/v2\/media?parent=2754"}],"wp:term":[{"taxonomy":"category","embeddable":true,"href":"https:\/\/calleangosta.com\/ca\/wp-json\/wp\/v2\/categories?post=2754"},{"taxonomy":"post_tag","embeddable":true,"href":"https:\/\/calleangosta.com\/ca\/wp-json\/wp\/v2\/tags?post=2754"}],"curies":[{"name":"wp","href":"https:\/\/api.w.org\/{rel}","templated":true}]}}