{"id":2767,"date":"2024-12-03T10:43:10","date_gmt":"2024-12-03T13:43:10","guid":{"rendered":"https:\/\/calleangosta.com\/ca\/?p=2767"},"modified":"2024-12-03T11:16:33","modified_gmt":"2024-12-03T14:16:33","slug":"oficializan-las-renuncias-de-todos-los-integrantes-del-gabinete-de-alberto-fernandez","status":"publish","type":"post","link":"https:\/\/calleangosta.com\/ca\/oficializan-las-renuncias-de-todos-los-integrantes-del-gabinete-de-alberto-fernandez\/","title":{"rendered":"Oficializan las renuncias de todos los integrantes del Gabinete de Alberto Fern\u00e1ndez"},"content":{"rendered":"<p>El Gobierno nacional oficializ\u00f3 hoy las renuncias del jefe de Gabinete, Agust\u00edn Rossi, y de los ministros de las distintas \u00e1reas del Gobierno, que se har\u00e1n efectivas a partir del pr\u00f3ximo domingo, cuando se concrete la asunci\u00f3n del presidente electo, Javier Milei.<\/p>\n<p><!--more--><\/p>\n<p>La renuncia de Rossi qued\u00f3 consignada en el Decreto 696\/2023 firmado por el presidente Alberto Fern\u00e1ndez; y la dimisi\u00f3n del titular de la cartera de Econom\u00eda, Sergio Massa, se oficializ\u00f3 en el Decreto 707\/2023.<\/p>\n<p>Le sigue la renuncia del ministro de Pedro establecida en el Decreto 713\/2023; la de Julio Vitobello a la Secretar\u00eda General de la Presidencia, en el Decreto 716\/2023; y la de la portavoz Gabriela Cerruti, en el Decreto 717\/2023.<\/p>\n<p>Adem\u00e1s renunciaron los ministros de Ambiente y Desarrollo Sostenible, Juan Cabandie; y el de Ciencia Tecnolog\u00eda e Innovaci\u00f3n, Daniel Filmus, mediante los decretos 697\/2023 y 701\/2023, respectivamente.<\/p>\n<p>En Defensa, el Decreto 699\/2023 oficializ\u00f3 la renuncia del ministro Jorge Taiana; y el Decreto 703\/2023, la de la ministra de Desarrollo Social, Victoria Tolosa Paz.<\/p>\n<p>El Decreto 702\/2023 acepta la renuncia del ministro de Desarrollo Territorial y Habitat, Santiago Maggiotti<\/p>\n<p>En el ministerio de Cultura, mediante los decretos 708 y 719 renunciaron el ministro Trist\u00e1n Bauer y Federico Prieto al cargo de Secretario de Gesti\u00f3n Cultural; Valeria Gonz\u00e1lez como Secretaria de Patrimonio Cultural; Mar\u00eda Cardoso a la Secretaria de Desarrollo Cultural; Esteban Falc\u00f3n a la titularidad de la Unidad Gabinete de Asesores; Juan Sasturain como Director de la Biblioteca Nacional Mariano Moreno; Elsa Rapetti como subdirectora de la biblioteca; Gustavo Uano al cargo de Director Ejecutivo del Instituto Nacional del Teatro; y Diana Saigh como presidenta del Fondo Nacional de las Artes.<\/p>\n<p>El Decreto 698\/2023 estableci\u00f3 la renuncia del ministro de Educaci\u00f3n, Jaime Perczyk; el Decreto 712\/2023 la del ministro de Justicia, Mart\u00edn Soria; el decreto 704\/2023 la de Ximena Ayel\u00e9n Mazzina a la cartera de Mujeres, G\u00e9nero y Diversidad; y el decreto 709\/2023 la de Gabriel Katopodis al ministerio de Obras P\u00fablicas.<\/p>\n<p>Le siguen las renuncias del canciller Santiago Cafiero en el Decreto 714\/2023; la de la ministra de Salud, Carla Vizzotti en el Decreto 705\/2023; la del ministro de Seguridad, An\u00edbal Fern\u00e1ndez en el Decreto 700\/2023; de la ministra de Trabajo, Raquel Kismer en el Decreto 706\/2023; del ministro Diego Giuliano en Transporte, seg\u00fan el Decreto 711\/2023; del ministro de Turismo y Deportes, Mat\u00edas Lammens en el Decreto 710\/2023.<\/p>\n<p>En la Agencia Nacional de Discapacidad, el Decreto 715\/2023 oficializ\u00f3 la renuncia del director ejecutivo, Gast\u00f3n Galarraga, mientras que en la Agencia Nacional de Promoci\u00f3n de la Investigaci\u00f3n, el Desarrollo Tecnol\u00f3gico y la Innovaci\u00f3n, el Decreto 718\/2023, oficializ\u00f3 la salida de Fernando Peirano como presidente del directorio.<\/p>\n<p>En la Direcci\u00f3n Nacional de Vialidad renunci\u00f3 a la titularidad Gustavo Arrieta, seg\u00fan el Decreto 694\/2023; mientras que en la Junta de Seguridad del Transporte, hizo lo propio su presidente, Juli\u00e1n Obaid, seg\u00fan el Decreto 693\/2023.<\/p>\n<p>Por otra parte, en Econom\u00eda tambi\u00e9n se aceptaron las renuncias de Leonardo Madcur a la Unidad de Gabinete de Asesores; Ricardo Casal al cargo de Secretario Legal y Administrativo; Ra\u00fal Rigo al cargo de Secretario de Hacienda; Gabriel Rubinstein a la secretar\u00eda de Pol\u00edtica Econ\u00f3mica; Eduardo Setti a la secretar\u00eda de Finanzas; Juan Bahillo a la secretar\u00eda de Agricultura, Ganader\u00eda y Pesca; Jorge Neme a la secretar\u00eda de Planificaci\u00f3n del Desarrollo y la Competitividad Federal; Mat\u00edas Tombolini a la secretar\u00eda de Comercio; Jos\u00e9 Ignacio de Mendiguren a la secretar\u00eda de Industria y Desarrollo Productivo; Mar\u00eda Fernanda \u00c1vila al cargo de Secretaria de Miner\u00eda; Marco Lavagna al cargo de Director del Insittuto Nacional de Estad\u00edsticas y Censos (INDEC) y Juan Cheppi a la titularidad de la Unidad Ejecutora Especial Temporaria \u00abUnidad de Articulaci\u00f3n Estrat\u00e9gica de \u00c1reas Econ\u00f3micas y Productivas\u00bb as\u00ed como Francisco Echarren al cargo de Presidente del Directorio de la Agencia Reguatoria de la Industria del C\u00e1\u00f1amo y del Cannabis Medicinal (ARICCAME).<\/p>\n<p>El mismo decreto menciona tambi\u00e9n las renuncias de Dar\u00edo Morante a la vicepresidencia de la Ariccame; Mercedes La Gioiosa como directora; y la renuncia de la especialista en Mercado de Capitales M\u00f3nica Alejandra Erpen al cargo de Vocal del Directorio de la Comisi\u00f3n Nacional de Valores.<\/p>\n<p>Tambi\u00e9n est\u00e1n las dimisiones de Natalia Golisano como vicepresidenta del Instituto Nacional de la Propiedad Industrial (INPI); Sandra Mayol como presidenta del INTI; Daniel Peralta como interventor de Yacimiento Carbon\u00edfero de R\u00edo Turbio y de los Servicios Ferroportuarios con Terminales en Punta Loyola y R\u00edo Gallegos; la de Diego Hurtado de Mendoza a la vicepresidencia de la Comisi\u00f3n Nacional de Energ\u00eda At\u00f3mica; y la de Walter Martello como interventor del Ente Nacional Regulador de la Electricidad (ENRE).<\/p>\n","protected":false},"excerpt":{"rendered":"<p>El Gobierno nacional oficializ\u00f3 hoy las renuncias del jefe de Gabinete, Agust\u00edn Rossi, y de los ministros de las distintas \u00e1reas del Gobierno, que se har\u00e1n efectivas a partir del pr\u00f3ximo domingo, cuando se concrete la asunci\u00f3n del presidente electo, Javier Milei. La renuncia de Rossi qued\u00f3 consignada en el Decreto 696\/2023 firmado por el &hellip;<\/p>\n","protected":false},"author":2,"featured_media":0,"comment_status":"open","ping_status":"open","sticky":false,"template":"","format":"standard","meta":{"advanced_seo_description":"","jetpack_seo_html_title":"","jetpack_seo_noindex":false,"_jetpack_memberships_contains_paid_content":false,"footnotes":"","jetpack_publicize_message":"","jetpack_publicize_feature_enabled":true,"jetpack_social_post_already_shared":false,"jetpack_social_options":{"image_generator_settings":{"template":"highway","default_image_id":0,"font":"","enabled":false},"version":2}},"categories":[6],"tags":[],"class_list":["post-2767","post","type-post","status-publish","format-standard","hentry","category-calle-angosta"],"jetpack_publicize_connections":[],"jetpack_featured_media_url":"","jetpack_sharing_enabled":true,"_links":{"self":[{"href":"https:\/\/calleangosta.com\/ca\/wp-json\/wp\/v2\/posts\/2767","targetHints":{"allow":["GET"]}}],"collection":[{"href":"https:\/\/calleangosta.com\/ca\/wp-json\/wp\/v2\/posts"}],"about":[{"href":"https:\/\/calleangosta.com\/ca\/wp-json\/wp\/v2\/types\/post"}],"author":[{"embeddable":true,"href":"https:\/\/calleangosta.com\/ca\/wp-json\/wp\/v2\/users\/2"}],"replies":[{"embeddable":true,"href":"https:\/\/calleangosta.com\/ca\/wp-json\/wp\/v2\/comments?post=2767"}],"version-history":[{"count":1,"href":"https:\/\/calleangosta.com\/ca\/wp-json\/wp\/v2\/posts\/2767\/revisions"}],"predecessor-version":[{"id":6699,"href":"https:\/\/calleangosta.com\/ca\/wp-json\/wp\/v2\/posts\/2767\/revisions\/6699"}],"wp:attachment":[{"href":"https:\/\/calleangosta.com\/ca\/wp-json\/wp\/v2\/media?parent=2767"}],"wp:term":[{"taxonomy":"category","embeddable":true,"href":"https:\/\/calleangosta.com\/ca\/wp-json\/wp\/v2\/categories?post=2767"},{"taxonomy":"post_tag","embeddable":true,"href":"https:\/\/calleangosta.com\/ca\/wp-json\/wp\/v2\/tags?post=2767"}],"curies":[{"name":"wp","href":"https:\/\/api.w.org\/{rel}","templated":true}]}}