{"id":2768,"date":"2024-12-03T10:43:10","date_gmt":"2024-12-03T13:43:10","guid":{"rendered":"https:\/\/calleangosta.com\/ca\/?p=2768"},"modified":"2024-12-03T11:16:29","modified_gmt":"2024-12-03T14:16:29","slug":"madres-de-plaza-de-mayo-linea-fundadora-realiza-hoy-la-43-marcha-de-la-resistencia","status":"publish","type":"post","link":"https:\/\/calleangosta.com\/ca\/madres-de-plaza-de-mayo-linea-fundadora-realiza-hoy-la-43-marcha-de-la-resistencia\/","title":{"rendered":"Madres de Plaza de Mayo L\u00ednea Fundadora realiza hoy la 43\u00b0 Marcha de la Resistencia"},"content":{"rendered":"<p>Las Madres de Plaza de Mayo L\u00ednea Fundadora y organismos de derechos humanos realizar\u00e1n hoy la 43\u00b0 Marcha de la Resistencia en la Plaza de Mayo bajo la consigna \u00abson 30.000, es genocidio\u00bb y en reclamo por la \u00abapertura de los archivos de la represi\u00f3n\u00bb.<\/p>\n<p><!--more--><\/p>\n<p>El encuentro se realizar\u00e1 a partir de las 15.30 alrededor de la Pir\u00e1mide de Mayo para reclamar por los \u00ab30 mil detenidos y detenidas desaparecidos\u00bb y en reivindicaci\u00f3n de los \u00ab47 a\u00f1os de lucha\u00bb de esa asociaci\u00f3n.<\/p>\n<p>Entre las organizaciones que se sumaron a la convocatoria se encuentran el Encuentro de Memoria, Verdad y Justicia (EMVJ), la Central de Trabajadores de Argentina Aut\u00f3noma (CTA-A) Capital, la Asociaci\u00f3n de Trabajadores del Estado (ATE), la Asociaci\u00f3n Gremial Docente (AGD) UBA, Ademys, y el Partido Obrero.<\/p>\n<p>Seg\u00fan el itinerario, la marcha est\u00e1 programada para iniciar a las 15.30 mientras que a las 19.30 habr\u00e1 un festival de m\u00fasica y teatro \u00abcontra la criminalizaci\u00f3n y en defensa del derecho a la protesta\u00bb, en rechazo a las condenas dispuestas por la justicia contra C\u00e9sar Arakaki y Daniel Ru\u00edz, dos militantes que fueron juzgados por participar de la movilizaci\u00f3n del 18 de diciembre de 2017 contra la reforma previsional que se votaba ese d\u00eda en el Congreso de la Naci\u00f3n.<\/p>\n<p>Las Madres realizaron la primera Marcha de la Resistencia en 1981, todav\u00eda en plena dictadura militar, para reclamar por la aparici\u00f3n con vida de los desaparecidos rondando durante 24 horas sin parar alrededor de la Pir\u00e1mide de Mayo.<\/p>\n","protected":false},"excerpt":{"rendered":"<p>Las Madres de Plaza de Mayo L\u00ednea Fundadora y organismos de derechos humanos realizar\u00e1n hoy la 43\u00b0 Marcha de la Resistencia en la Plaza de Mayo bajo la consigna \u00abson 30.000, es genocidio\u00bb y en reclamo por la \u00abapertura de los archivos de la represi\u00f3n\u00bb. El encuentro se realizar\u00e1 a partir de las 15.30 alrededor &hellip;<\/p>\n","protected":false},"author":2,"featured_media":0,"comment_status":"open","ping_status":"open","sticky":false,"template":"","format":"standard","meta":{"advanced_seo_description":"","jetpack_seo_html_title":"","jetpack_seo_noindex":false,"_jetpack_memberships_contains_paid_content":false,"footnotes":"","jetpack_publicize_message":"","jetpack_publicize_feature_enabled":true,"jetpack_social_post_already_shared":false,"jetpack_social_options":{"image_generator_settings":{"template":"highway","default_image_id":0,"font":"","enabled":false},"version":2}},"categories":[6],"tags":[],"class_list":["post-2768","post","type-post","status-publish","format-standard","hentry","category-calle-angosta"],"jetpack_publicize_connections":[],"jetpack_featured_media_url":"","jetpack_sharing_enabled":true,"_links":{"self":[{"href":"https:\/\/calleangosta.com\/ca\/wp-json\/wp\/v2\/posts\/2768","targetHints":{"allow":["GET"]}}],"collection":[{"href":"https:\/\/calleangosta.com\/ca\/wp-json\/wp\/v2\/posts"}],"about":[{"href":"https:\/\/calleangosta.com\/ca\/wp-json\/wp\/v2\/types\/post"}],"author":[{"embeddable":true,"href":"https:\/\/calleangosta.com\/ca\/wp-json\/wp\/v2\/users\/2"}],"replies":[{"embeddable":true,"href":"https:\/\/calleangosta.com\/ca\/wp-json\/wp\/v2\/comments?post=2768"}],"version-history":[{"count":1,"href":"https:\/\/calleangosta.com\/ca\/wp-json\/wp\/v2\/posts\/2768\/revisions"}],"predecessor-version":[{"id":6698,"href":"https:\/\/calleangosta.com\/ca\/wp-json\/wp\/v2\/posts\/2768\/revisions\/6698"}],"wp:attachment":[{"href":"https:\/\/calleangosta.com\/ca\/wp-json\/wp\/v2\/media?parent=2768"}],"wp:term":[{"taxonomy":"category","embeddable":true,"href":"https:\/\/calleangosta.com\/ca\/wp-json\/wp\/v2\/categories?post=2768"},{"taxonomy":"post_tag","embeddable":true,"href":"https:\/\/calleangosta.com\/ca\/wp-json\/wp\/v2\/tags?post=2768"}],"curies":[{"name":"wp","href":"https:\/\/api.w.org\/{rel}","templated":true}]}}