{"id":2769,"date":"2024-12-03T10:43:10","date_gmt":"2024-12-03T13:43:10","guid":{"rendered":"https:\/\/calleangosta.com\/ca\/?p=2769"},"modified":"2024-12-03T11:16:28","modified_gmt":"2024-12-03T14:16:28","slug":"el-papa-destaco-la-fidelidad-en-las-cosas-sencillas-de-maria-en-el-dia-de-la-virgen","status":"publish","type":"post","link":"https:\/\/calleangosta.com\/ca\/el-papa-destaco-la-fidelidad-en-las-cosas-sencillas-de-maria-en-el-dia-de-la-virgen\/","title":{"rendered":"El Papa destac\u00f3 \u00abla fidelidad en las cosas sencillas\u00bb de Mar\u00eda en el D\u00eda de la Virgen"},"content":{"rendered":"<p>El Papa Francisco destac\u00f3 este jueves \u201cel asombro ante las obras de Dios y la fidelidad en las cosas sencillas\u00bb de Mar\u00eda de Nazaret, en el marco del D\u00eda de la Inmaculada Concepci\u00f3n de la Sant\u00edsima Virgen Mar\u00eda que se conmemora cada 8 de diciembre.<\/p>\n<p><!--more--><\/p>\n<p>Luego de las dos \u00faltimas retransmisiones del rezo del \u00c1ngelus desde Casa Santa Marta, debido a su infecci\u00f3n pulmonar, el Papa regres\u00f3 hoy a la Plaza de San Pedro para pronunciar la tradicional oraci\u00f3n mariana en el D\u00eda de la Virgen.<\/p>\n<p>En esta ocasi\u00f3n destac\u00f3 las actitudes de \u201casombro ante las obras de Dios y la fidelidad en las cosas sencillas\u201d de la Virgen Mar\u00eda, seg\u00fan inform\u00f3 la Agencia Informativa Cat\u00f3lica Argentina (AICA).<\/p>\n<p>\u201cPrecisamente por su sencillez mantuvo puro aquel Coraz\u00f3n Inmaculado con el que, por gracia de Dios, hab\u00eda sido concebida\u201d, sostuvo el pont\u00edfice, mientras indic\u00f3 que \u201cpara acoger los grandes dones de Dios, es necesario saber atesorar los que son m\u00e1s cotidianos y menos visibles\u201d.<\/p>\n<p>\u201cEs con su fidelidad diaria en la bondad que Nuestra Se\u00f1ora dej\u00f3 crecer en ella el don de Dios\u201d, agreg\u00f3.<\/p>\n<p>El 8 de diciembre se recuerda la Inmaculada Concepci\u00f3n de Mar\u00eda que, seg\u00fan la tradici\u00f3n cat\u00f3lica significa que fue concebida sin el \u201cpecado original\u201d, y se celebra nueve meses antes de la celebraci\u00f3n de la Natividad de la Virgen el 8 de septiembre.<\/p>\n<p>Esta festividad se celebr\u00f3 por primera vez en Espa\u00f1a en el a\u00f1o 1644, pero fue declarada como d\u00eda festivo en 1854 por el Papa P\u00edo IX.<\/p>\n<p>En la Argentina, el 8 de diciembre fue incorporado a la n\u00f3mina de feriados nacionales con la sanci\u00f3n de la ley 24.445 el 23 de diciembre de 1994, durante el gobierno de Carlos Menem.<\/p>\n","protected":false},"excerpt":{"rendered":"<p>El Papa Francisco destac\u00f3 este jueves \u201cel asombro ante las obras de Dios y la fidelidad en las cosas sencillas\u00bb de Mar\u00eda de Nazaret, en el marco del D\u00eda de la Inmaculada Concepci\u00f3n de la Sant\u00edsima Virgen Mar\u00eda que se conmemora cada 8 de diciembre. Luego de las dos \u00faltimas retransmisiones del rezo del \u00c1ngelus &hellip;<\/p>\n","protected":false},"author":2,"featured_media":0,"comment_status":"open","ping_status":"open","sticky":false,"template":"","format":"standard","meta":{"advanced_seo_description":"","jetpack_seo_html_title":"","jetpack_seo_noindex":false,"_jetpack_memberships_contains_paid_content":false,"footnotes":"","jetpack_publicize_message":"","jetpack_publicize_feature_enabled":true,"jetpack_social_post_already_shared":false,"jetpack_social_options":{"image_generator_settings":{"template":"highway","default_image_id":0,"font":"","enabled":false},"version":2}},"categories":[6],"tags":[],"class_list":["post-2769","post","type-post","status-publish","format-standard","hentry","category-calle-angosta"],"jetpack_publicize_connections":[],"jetpack_featured_media_url":"","jetpack_sharing_enabled":true,"_links":{"self":[{"href":"https:\/\/calleangosta.com\/ca\/wp-json\/wp\/v2\/posts\/2769","targetHints":{"allow":["GET"]}}],"collection":[{"href":"https:\/\/calleangosta.com\/ca\/wp-json\/wp\/v2\/posts"}],"about":[{"href":"https:\/\/calleangosta.com\/ca\/wp-json\/wp\/v2\/types\/post"}],"author":[{"embeddable":true,"href":"https:\/\/calleangosta.com\/ca\/wp-json\/wp\/v2\/users\/2"}],"replies":[{"embeddable":true,"href":"https:\/\/calleangosta.com\/ca\/wp-json\/wp\/v2\/comments?post=2769"}],"version-history":[{"count":1,"href":"https:\/\/calleangosta.com\/ca\/wp-json\/wp\/v2\/posts\/2769\/revisions"}],"predecessor-version":[{"id":6697,"href":"https:\/\/calleangosta.com\/ca\/wp-json\/wp\/v2\/posts\/2769\/revisions\/6697"}],"wp:attachment":[{"href":"https:\/\/calleangosta.com\/ca\/wp-json\/wp\/v2\/media?parent=2769"}],"wp:term":[{"taxonomy":"category","embeddable":true,"href":"https:\/\/calleangosta.com\/ca\/wp-json\/wp\/v2\/categories?post=2769"},{"taxonomy":"post_tag","embeddable":true,"href":"https:\/\/calleangosta.com\/ca\/wp-json\/wp\/v2\/tags?post=2769"}],"curies":[{"name":"wp","href":"https:\/\/api.w.org\/{rel}","templated":true}]}}