{"id":2774,"date":"2024-12-03T10:43:09","date_gmt":"2024-12-03T13:43:09","guid":{"rendered":"https:\/\/calleangosta.com\/ca\/?p=2774"},"modified":"2024-12-03T11:16:12","modified_gmt":"2024-12-03T14:16:12","slug":"para-redrado-milei-debera-ordenar-las-cuentas-pero-tambien-presentar-un-programa-de-desarrollo","status":"publish","type":"post","link":"https:\/\/calleangosta.com\/ca\/para-redrado-milei-debera-ordenar-las-cuentas-pero-tambien-presentar-un-programa-de-desarrollo\/","title":{"rendered":"Para Redrado, Milei deber\u00e1 ordenar las cuentas pero tambi\u00e9n presentar \u201cun programa de desarrollo\u201c"},"content":{"rendered":"<p>El economista y expresidente del Banco Central (BCRA), Mart\u00edn Redrado, evalu\u00f3 hoy que el gobierno del presidente electo, Javier Milei, deber\u00e1 plantear \u201cun ordenamiento de las cuentas p\u00fablicas\u201d y, de manera \u201csimult\u00e1nea\u201d, un \u201cprograma de desarrollo y de crecimiento\u201d.<\/p>\n<p><!--more--><\/p>\n<p>\u201cArgentina tiene una crisis muy profunda y est\u00e1 rota desde el punto de vista social, econ\u00f3mico y moral, pero tiene arreglo con un programa de estabilizaci\u00f3n y crecimiento que enfoque todos los problemas de manera simult\u00e1nea\u201d, afirm\u00f3 Redrado esta ma\u00f1ana en Radio Continental.<\/p>\n<p>En ese sentido, seg\u00fan el economista, es necesario un plan \u201cintegral\u201d y \u201cabarcativo\u201d que, de forma \u201csimult\u00e1nea\u201d y \u201csincr\u00f3nica\u201d, plantee \u201cun ordenamiento de las cuentas p\u00fablicas y tambi\u00e9n un programa de crecimiento y desarrollo\u201d porque \u201cArgentina tiene los motores como para poder hacerlo\u201d.<\/p>\n<p>En cuanto al plano del ordenamiento econ\u00f3mico, para el analista es necesario terminar con el \u201czafarrancho que se hizo en el Banco Central\u201d.<\/p>\n<p>\u201cCuando me fui en enero de 2010, lo dej\u00e9 con US$ 50.000 millones, pero lamentablemente dejaron al pa\u00eds sin reservas o con reservas negativas, que es un hecho in\u00e9dito porque la cuenta de activos menos pasivos da US$ 11.000 millones en negativo\u201d, remarc\u00f3.<\/p>\n<p>Para Redrado, \u201ceste problema se tiene que atacar con un banco central independiente que no financie al sector p\u00fablico\u201d.<\/p>\n<p>El economista, que ocup\u00f3 el cargo de secretario de Asuntos Estrat\u00e9gicos de la Ciudad de Buenos Aires desde fines del a\u00f1o pasado, enfatiz\u00f3 que es necesario darle \u201cincentivos al crecimiento\u201d.<\/p>\n<p>Respecto de esto \u00faltimo, se\u00f1al\u00f3 que el \u201ccampo tiene que ser uno de los motores\u201d, impulsando la expansi\u00f3n de la superficie sembrada.<\/p>\n<p>\u201cHay que plantear una ley de incentivos a las exportaciones que disminuya las retenciones en un proceso de 10 a\u00f1os y, a partir del lunes, hay que eliminar toda restricci\u00f3n cuantitativa de cupos que se pueda meter al ma\u00edz y la carne\u201d, indic\u00f3 Redrado.<\/p>\n<p>Tambi\u00e9n pidi\u00f3 por una nueva Ley de Semillas \u201cque nos permita estar a la vanguardia de nuevos eventos y estar en la frontera tecnol\u00f3gica\u201d, e incentivos \u201ca la energ\u00eda y la miner\u00eda\u201d.<\/p>\n<p>\u201cEl mundo tiene tres tendencias que hay que aprovecharlas: la transici\u00f3n energ\u00e9tica, la seguridad energ\u00e9tica y la seguridad alimentaria, y para eso hay que generar incentivos al sector energ\u00e9tico y minero d\u00e1ndoles un porcentaje de libre disponibilidad de divisas a los exportadores\u201d, puntualiz\u00f3.<\/p>\n<p>Del mismo modo, resalt\u00f3 la necesidad de una \u201creforma impositiva\u201d que reduzca la cantidad de impuestos, pero tambi\u00e9n \u201campl\u00ede la base de tributaci\u00f3n\u201d llevando a que haya \u201cmenos argentinos en la informalidad\u201d.<\/p>\n<p>Esto \u00faltimo \u2013propuso- se puede llevar a cabo con medidas como \u201cincentivos a las peque\u00f1as y medianas empresas\u201d a trav\u00e9s de una reducci\u00f3n de los aportes patronales para las nuevas incorporaciones.<\/p>\n<p>Por otro lado, Redrado se diferenci\u00f3 de Milei y llam\u00f3 a una \u201cley federal de infraestructura con las principales obras p\u00fablicas que se necesitan\u201d.<\/p>\n<p>\u201cComo dice el presidente, no hay plata, pero para obras p\u00fablicas que son intergeneracionales hay que salir a buscar en organismos multilaterales como el BID y el Banco Mundial\u201d, sostuvo.<\/p>\n<p>En cuanto a la deuda externa, Redrado opin\u00f3 que es necesario \u201cnegociar un nuevo acuerdo con el Fondo Monetario Internacional que postergue pagos inminentes\u201d.<\/p>\n<p>Para todas estas medidas, consider\u00f3 como clave su \u201cimplementaci\u00f3n\u201d con un equipo que sea \u201csolvente\u201d, y con la necesidad de \u201cgenerar acuerdos que permitan mostrar previsibilidad\u201d.<\/p>\n<p>Tambi\u00e9n resalt\u00f3 que es \u201cmuy importante\u201d que Milei siga lo que fue \u201cuno de los ejes centrales de su campa\u00f1a\u201d: que \u201clos costos los pague la pol\u00edtica\u201d.<\/p>\n<p>\u201cSi los costos los pagamos todos en el boleto de colectivo y en el surtidor de nafta, no va a estar cumpliendo con una premisa fundamental\u201d, indic\u00f3, y se\u00f1al\u00f3 que si bien \u201cno hay dudas de que hay muchos precios que est\u00e1n a presi\u00f3n\u201d y que \u201cno se puede vivir subsidiando la energ\u00eda, el gas y los combustibles\u201d, es necesario \u201csacar la presi\u00f3n de la olla de a poco y no de golpe, porque sino todos nos vamos a quemar con agua hirviendo\u201d.<\/p>\n","protected":false},"excerpt":{"rendered":"<p>El economista y expresidente del Banco Central (BCRA), Mart\u00edn Redrado, evalu\u00f3 hoy que el gobierno del presidente electo, Javier Milei, deber\u00e1 plantear \u201cun ordenamiento de las cuentas p\u00fablicas\u201d y, de manera \u201csimult\u00e1nea\u201d, un \u201cprograma de desarrollo y de crecimiento\u201d. \u201cArgentina tiene una crisis muy profunda y est\u00e1 rota desde el punto de vista social, econ\u00f3mico &hellip;<\/p>\n","protected":false},"author":2,"featured_media":0,"comment_status":"open","ping_status":"open","sticky":false,"template":"","format":"standard","meta":{"advanced_seo_description":"","jetpack_seo_html_title":"","jetpack_seo_noindex":false,"_jetpack_memberships_contains_paid_content":false,"footnotes":"","jetpack_publicize_message":"","jetpack_publicize_feature_enabled":true,"jetpack_social_post_already_shared":false,"jetpack_social_options":{"image_generator_settings":{"template":"highway","default_image_id":0,"font":"","enabled":false},"version":2}},"categories":[6],"tags":[],"class_list":["post-2774","post","type-post","status-publish","format-standard","hentry","category-calle-angosta"],"jetpack_publicize_connections":[],"jetpack_featured_media_url":"","jetpack_sharing_enabled":true,"_links":{"self":[{"href":"https:\/\/calleangosta.com\/ca\/wp-json\/wp\/v2\/posts\/2774","targetHints":{"allow":["GET"]}}],"collection":[{"href":"https:\/\/calleangosta.com\/ca\/wp-json\/wp\/v2\/posts"}],"about":[{"href":"https:\/\/calleangosta.com\/ca\/wp-json\/wp\/v2\/types\/post"}],"author":[{"embeddable":true,"href":"https:\/\/calleangosta.com\/ca\/wp-json\/wp\/v2\/users\/2"}],"replies":[{"embeddable":true,"href":"https:\/\/calleangosta.com\/ca\/wp-json\/wp\/v2\/comments?post=2774"}],"version-history":[{"count":1,"href":"https:\/\/calleangosta.com\/ca\/wp-json\/wp\/v2\/posts\/2774\/revisions"}],"predecessor-version":[{"id":6692,"href":"https:\/\/calleangosta.com\/ca\/wp-json\/wp\/v2\/posts\/2774\/revisions\/6692"}],"wp:attachment":[{"href":"https:\/\/calleangosta.com\/ca\/wp-json\/wp\/v2\/media?parent=2774"}],"wp:term":[{"taxonomy":"category","embeddable":true,"href":"https:\/\/calleangosta.com\/ca\/wp-json\/wp\/v2\/categories?post=2774"},{"taxonomy":"post_tag","embeddable":true,"href":"https:\/\/calleangosta.com\/ca\/wp-json\/wp\/v2\/tags?post=2774"}],"curies":[{"name":"wp","href":"https:\/\/api.w.org\/{rel}","templated":true}]}}