{"id":3311,"date":"2024-12-03T10:31:57","date_gmt":"2024-12-03T13:31:57","guid":{"rendered":"https:\/\/calleangosta.com\/ca\/?p=3311"},"modified":"2024-12-03T10:32:24","modified_gmt":"2024-12-03T13:32:24","slug":"dnu-hablamos-de-todo-lo-que-tenes-que-saber","status":"publish","type":"post","link":"https:\/\/calleangosta.com\/ca\/dnu-hablamos-de-todo-lo-que-tenes-que-saber\/","title":{"rendered":"DNU: todo lo que ten\u00e9s que saber"},"content":{"rendered":"<p style=\"text-align: justify;\">En\u00a0nuestro pa\u00eds la situaci\u00f3n pol\u00edtica est\u00e1 centrada en la situaci\u00f3n del\u00a0tratamiento del DNU\u00a0(Decreto de Necesidad y Urgencia) y la evidente\u00a0interna\u00a0entre\u00a0Javier Milei\u00a0y\u00a0Victoria Villarruel.\u00a0En momentos en que se desarrollaba Mi Primera Chamba, el\u00a0Senado est\u00e1 sesionando para tratar el DNU de desregulaci\u00f3n econ\u00f3mica.<\/p>\n<p><!--more--><\/p>\n<p style=\"text-align: justify;\">A causa de esta tensi\u00f3n entre presidente y Vice, mantuvimos una peque\u00f1a charla informativa para comprender la particular escena que protagoniza el oficialismo libertario. Desde la Oficina del presidente se expres\u00f3 preocupaci\u00f3n por la decisi\u00f3n unilateral de algunos sectores pol\u00edticos que pretenden avanzar con una agenda propia e inconsulta, entorpeciendo las negociaciones y el di\u00e1logo entre distintos sectores de la dirigencia pol\u00edtica, un dardo claramente dirigido a Villaruel, lo que desemboc\u00f3 en que efectivamente, hoy mismo se trate el cuestionado DNU.\u00a0<\/p>\n<p style=\"text-align: justify;\">El rechazo del mismo podr\u00eda tener consecuencias en los derechos y necesidades del pueblo argentino, como as\u00ed tambi\u00e9n en el futuro del oficialismo a escasos tres meses de gesti\u00f3n.<\/p>\n<p style=\"text-align: justify;\">En resumen, la situaci\u00f3n es compleja y est\u00e1 generando tensiones en la pol\u00edtica argentina. El tratamiento del DNU y las diferencias entre Milei y Villarruel est\u00e1n en el centro de la atenci\u00f3n p\u00fablica.<\/p>\n<p><iframe loading=\"lazy\" width=\"560\" height=\"315\" src=\"https:\/\/www.youtube.com\/embed\/rVXeeeFoAgI?si=kzAQ44-Wu84SlOLc&amp;start=3630\" title=\"YouTube video player\" frameborder=\"0\" allow=\"accelerometer; autoplay; clipboard-write; encrypted-media; gyroscope; picture-in-picture; web-share\" allowfullscreen=\"allowfullscreen\"><\/iframe><\/p>\n","protected":false},"excerpt":{"rendered":"<p>En\u00a0nuestro pa\u00eds la situaci\u00f3n pol\u00edtica est\u00e1 centrada en la situaci\u00f3n del\u00a0tratamiento del DNU\u00a0(Decreto de Necesidad y Urgencia) y la evidente\u00a0interna\u00a0entre\u00a0Javier Milei\u00a0y\u00a0Victoria Villarruel.\u00a0En momentos en que se desarrollaba Mi Primera Chamba, el\u00a0Senado est\u00e1 sesionando para tratar el DNU de desregulaci\u00f3n econ\u00f3mica. A causa de esta tensi\u00f3n entre presidente y Vice, mantuvimos una peque\u00f1a charla informativa para &hellip;<\/p>\n","protected":false},"author":2,"featured_media":0,"comment_status":"open","ping_status":"open","sticky":false,"template":"","format":"standard","meta":{"advanced_seo_description":"","jetpack_seo_html_title":"","jetpack_seo_noindex":false,"_jetpack_memberships_contains_paid_content":false,"footnotes":"","jetpack_publicize_message":"","jetpack_publicize_feature_enabled":true,"jetpack_social_post_already_shared":false,"jetpack_social_options":{"image_generator_settings":{"template":"highway","default_image_id":0,"font":"","enabled":false},"version":2}},"categories":[6],"tags":[],"class_list":["post-3311","post","type-post","status-publish","format-standard","hentry","category-calle-angosta"],"jetpack_publicize_connections":[],"jetpack_featured_media_url":"","jetpack_sharing_enabled":true,"_links":{"self":[{"href":"https:\/\/calleangosta.com\/ca\/wp-json\/wp\/v2\/posts\/3311","targetHints":{"allow":["GET"]}}],"collection":[{"href":"https:\/\/calleangosta.com\/ca\/wp-json\/wp\/v2\/posts"}],"about":[{"href":"https:\/\/calleangosta.com\/ca\/wp-json\/wp\/v2\/types\/post"}],"author":[{"embeddable":true,"href":"https:\/\/calleangosta.com\/ca\/wp-json\/wp\/v2\/users\/2"}],"replies":[{"embeddable":true,"href":"https:\/\/calleangosta.com\/ca\/wp-json\/wp\/v2\/comments?post=3311"}],"version-history":[{"count":1,"href":"https:\/\/calleangosta.com\/ca\/wp-json\/wp\/v2\/posts\/3311\/revisions"}],"predecessor-version":[{"id":6093,"href":"https:\/\/calleangosta.com\/ca\/wp-json\/wp\/v2\/posts\/3311\/revisions\/6093"}],"wp:attachment":[{"href":"https:\/\/calleangosta.com\/ca\/wp-json\/wp\/v2\/media?parent=3311"}],"wp:term":[{"taxonomy":"category","embeddable":true,"href":"https:\/\/calleangosta.com\/ca\/wp-json\/wp\/v2\/categories?post=3311"},{"taxonomy":"post_tag","embeddable":true,"href":"https:\/\/calleangosta.com\/ca\/wp-json\/wp\/v2\/tags?post=3311"}],"curies":[{"name":"wp","href":"https:\/\/api.w.org\/{rel}","templated":true}]}}