{"id":3312,"date":"2024-12-03T10:31:57","date_gmt":"2024-12-03T13:31:57","guid":{"rendered":"https:\/\/calleangosta.com\/ca\/?p=3312"},"modified":"2024-12-03T10:32:21","modified_gmt":"2024-12-03T13:32:21","slug":"el-senado-rechaza-el-dnu-de-milei-ahora-pasa-a-diputados-para-su-definicion","status":"publish","type":"post","link":"https:\/\/calleangosta.com\/ca\/el-senado-rechaza-el-dnu-de-milei-ahora-pasa-a-diputados-para-su-definicion\/","title":{"rendered":"El Senado rechaza el DNU de Milei: ahora pasa a diputados para su definici\u00f3n"},"content":{"rendered":"<p>El Senado de la Naci\u00f3n ha rechazado el Decreto de Necesidad y Urgencia (DNU) 70\/2023, impulsado por el presidente Javier Milei, con un resultado de 42 votos negativos, 25 afirmativos y 4 abstenciones. Esta decisi\u00f3n, que refleja un marcado desacuerdo con la medida, marca un nuevo episodio de tensi\u00f3n entre el Gobierno nacional y el Congreso de la Naci\u00f3n.<\/p>\n<p><!--more--><\/p>\n<p>El DNU, emitido por Milei en diciembre pasado, ser\u00e1 remitido ahora a la C\u00e1mara de Diputados para su tratamiento. Sin embargo, es importante destacar que, a pesar del rechazo en el Senado, el decreto continuar\u00e1 vigente hasta que tambi\u00e9n sea rechazado por la C\u00e1mara baja. Solo en ese caso quedar\u00e1 sin efecto.<\/p>\n<p>La inclusi\u00f3n del DNU en el temario oficial del Senado fue impulsada por la vicepresidenta de la Naci\u00f3n y titular del Senado, Victoria Villarruel, a pesar de conocerse el destino probable de la medida en el hemiciclo senatorial. Este movimiento gener\u00f3 diversas reacciones, incluyendo cr\u00edticas en redes sociales y pronunciamientos negativos por parte de algunos funcionarios.<\/p>\n<p>Durante la reuni\u00f3n de labor parlamentaria, Villarruel intent\u00f3 persuadir a los l\u00edderes de los bloques opositores para postergar la discusi\u00f3n del DNU, pero la decisi\u00f3n de incluirlo en el temario oficial se mantuvo. Esto provoc\u00f3 un fuerte repudio por parte de la militancia mile\u00edsta y cr\u00edticas hacia la vicepresidenta.<\/p>\n<p>El rechazo al DNU cont\u00f3 con el voto de 33 senadores de Uni\u00f3n por la Patria, a los que se sumaron otros senadores independientes. Adem\u00e1s, se destac\u00f3 la participaci\u00f3n de algunos senadores radicales que votaron en contra del pedido de postergaci\u00f3n de la discusi\u00f3n.<\/p>\n<p>Ahora, el foco estar\u00e1 puesto en la C\u00e1mara de Diputados, donde se espera un intenso debate sobre la validez del DNU y su impacto en la agenda pol\u00edtica y legislativa del pa\u00eds.<\/p>\n","protected":false},"excerpt":{"rendered":"<p>El Senado de la Naci\u00f3n ha rechazado el Decreto de Necesidad y Urgencia (DNU) 70\/2023, impulsado por el presidente Javier Milei, con un resultado de 42 votos negativos, 25 afirmativos y 4 abstenciones. Esta decisi\u00f3n, que refleja un marcado desacuerdo con la medida, marca un nuevo episodio de tensi\u00f3n entre el Gobierno nacional y el &hellip;<\/p>\n","protected":false},"author":2,"featured_media":0,"comment_status":"open","ping_status":"open","sticky":false,"template":"","format":"standard","meta":{"advanced_seo_description":"","jetpack_seo_html_title":"","jetpack_seo_noindex":false,"_jetpack_memberships_contains_paid_content":false,"footnotes":"","jetpack_publicize_message":"","jetpack_publicize_feature_enabled":true,"jetpack_social_post_already_shared":false,"jetpack_social_options":{"image_generator_settings":{"template":"highway","default_image_id":0,"font":"","enabled":false},"version":2}},"categories":[6],"tags":[],"class_list":["post-3312","post","type-post","status-publish","format-standard","hentry","category-calle-angosta"],"jetpack_publicize_connections":[],"jetpack_featured_media_url":"","jetpack_sharing_enabled":true,"_links":{"self":[{"href":"https:\/\/calleangosta.com\/ca\/wp-json\/wp\/v2\/posts\/3312","targetHints":{"allow":["GET"]}}],"collection":[{"href":"https:\/\/calleangosta.com\/ca\/wp-json\/wp\/v2\/posts"}],"about":[{"href":"https:\/\/calleangosta.com\/ca\/wp-json\/wp\/v2\/types\/post"}],"author":[{"embeddable":true,"href":"https:\/\/calleangosta.com\/ca\/wp-json\/wp\/v2\/users\/2"}],"replies":[{"embeddable":true,"href":"https:\/\/calleangosta.com\/ca\/wp-json\/wp\/v2\/comments?post=3312"}],"version-history":[{"count":1,"href":"https:\/\/calleangosta.com\/ca\/wp-json\/wp\/v2\/posts\/3312\/revisions"}],"predecessor-version":[{"id":6092,"href":"https:\/\/calleangosta.com\/ca\/wp-json\/wp\/v2\/posts\/3312\/revisions\/6092"}],"wp:attachment":[{"href":"https:\/\/calleangosta.com\/ca\/wp-json\/wp\/v2\/media?parent=3312"}],"wp:term":[{"taxonomy":"category","embeddable":true,"href":"https:\/\/calleangosta.com\/ca\/wp-json\/wp\/v2\/categories?post=3312"},{"taxonomy":"post_tag","embeddable":true,"href":"https:\/\/calleangosta.com\/ca\/wp-json\/wp\/v2\/tags?post=3312"}],"curies":[{"name":"wp","href":"https:\/\/api.w.org\/{rel}","templated":true}]}}