{"id":3313,"date":"2024-12-03T10:31:56","date_gmt":"2024-12-03T13:31:56","guid":{"rendered":"https:\/\/calleangosta.com\/ca\/?p=3313"},"modified":"2024-12-03T10:32:20","modified_gmt":"2024-12-03T13:32:20","slug":"correpi-denuncia-mas-de-60-muertes-por-violencia-institucional-durante-el-gobierno-de-javier-milei","status":"publish","type":"post","link":"https:\/\/calleangosta.com\/ca\/correpi-denuncia-mas-de-60-muertes-por-violencia-institucional-durante-el-gobierno-de-javier-milei\/","title":{"rendered":"Correpi denuncia m\u00e1s de 60 muertes por violencia institucional durante el gobierno de Javier Milei"},"content":{"rendered":"<p>La Coordinadora contra la Represi\u00f3n Policial e Institucional (Correpi) ha emitido una contundente denuncia, se\u00f1alando que en los primeros d\u00edas de gesti\u00f3n del presidente Javier Milei se han registrado m\u00e1s de 60 muertes por violencia desde el Estado. Esta organizaci\u00f3n advierte que el actual gobierno podr\u00eda convertirse en uno de los m\u00e1s represores desde la \u00faltima dictadura en Argentina.<\/p>\n<p><!--more--><\/p>\n<p>Durante el acto anual de presentaci\u00f3n del Archivo de personas asesinadas por el Estado, Correpi expres\u00f3 su preocupaci\u00f3n por el impacto de las pol\u00edticas represivas del gobierno de La Libertad Avanza (LLA). Mar\u00eda del Carmen Verd\u00fa, referente de Correpi, explic\u00f3 que esta cifra se basa en denuncias de familiares y hechos difundidos en los medios de comunicaci\u00f3n, aunque a\u00fan no se ha elaborado un informe oficial al respecto.<\/p>\n<p>Verd\u00fa tambi\u00e9n critic\u00f3 los intentos de censura del gobierno sobre los medios p\u00fablicos, destacando que esto dificulta la recopilaci\u00f3n de informaci\u00f3n sobre casos de violencia institucional. Adem\u00e1s, compar\u00f3 la situaci\u00f3n actual con los gobiernos anteriores, se\u00f1alando un incremento significativo de casos durante la presidencia de Mauricio Macri y mencionando medidas tomadas durante la gesti\u00f3n de Alberto Fern\u00e1ndez.<\/p>\n<p>La diputada Myriam Bregman, del Frente de Izquierda, hizo hincapi\u00e9 en la represi\u00f3n en el Gaumont durante una protesta y llam\u00f3 a una movilizaci\u00f3n masiva el 24 de marzo para discutir las pol\u00edticas del gobierno y rechazar la represi\u00f3n permanente. Por su parte, la diputada Natalia Zaracho, de Uni\u00f3n por la Patria, cuestion\u00f3 la ausencia del Estado en los barrios y la necesidad de su presencia para prevenir situaciones de violencia.<\/p>\n<p>Este pronunciamiento de Correpi y las respuestas de los legisladores reflejan la preocupaci\u00f3n y el debate en torno a las pol\u00edticas de seguridad y represi\u00f3n durante el gobierno de Milei, as\u00ed como la necesidad de abordar estas problem\u00e1ticas de manera urgente y efectiva.<\/p>\n","protected":false},"excerpt":{"rendered":"<p>La Coordinadora contra la Represi\u00f3n Policial e Institucional (Correpi) ha emitido una contundente denuncia, se\u00f1alando que en los primeros d\u00edas de gesti\u00f3n del presidente Javier Milei se han registrado m\u00e1s de 60 muertes por violencia desde el Estado. Esta organizaci\u00f3n advierte que el actual gobierno podr\u00eda convertirse en uno de los m\u00e1s represores desde la &hellip;<\/p>\n","protected":false},"author":2,"featured_media":0,"comment_status":"open","ping_status":"open","sticky":false,"template":"","format":"standard","meta":{"advanced_seo_description":"","jetpack_seo_html_title":"","jetpack_seo_noindex":false,"_jetpack_memberships_contains_paid_content":false,"footnotes":"","jetpack_publicize_message":"","jetpack_publicize_feature_enabled":true,"jetpack_social_post_already_shared":false,"jetpack_social_options":{"image_generator_settings":{"template":"highway","default_image_id":0,"font":"","enabled":false},"version":2}},"categories":[6],"tags":[],"class_list":["post-3313","post","type-post","status-publish","format-standard","hentry","category-calle-angosta"],"jetpack_publicize_connections":[],"jetpack_featured_media_url":"","jetpack_sharing_enabled":true,"_links":{"self":[{"href":"https:\/\/calleangosta.com\/ca\/wp-json\/wp\/v2\/posts\/3313","targetHints":{"allow":["GET"]}}],"collection":[{"href":"https:\/\/calleangosta.com\/ca\/wp-json\/wp\/v2\/posts"}],"about":[{"href":"https:\/\/calleangosta.com\/ca\/wp-json\/wp\/v2\/types\/post"}],"author":[{"embeddable":true,"href":"https:\/\/calleangosta.com\/ca\/wp-json\/wp\/v2\/users\/2"}],"replies":[{"embeddable":true,"href":"https:\/\/calleangosta.com\/ca\/wp-json\/wp\/v2\/comments?post=3313"}],"version-history":[{"count":1,"href":"https:\/\/calleangosta.com\/ca\/wp-json\/wp\/v2\/posts\/3313\/revisions"}],"predecessor-version":[{"id":6091,"href":"https:\/\/calleangosta.com\/ca\/wp-json\/wp\/v2\/posts\/3313\/revisions\/6091"}],"wp:attachment":[{"href":"https:\/\/calleangosta.com\/ca\/wp-json\/wp\/v2\/media?parent=3313"}],"wp:term":[{"taxonomy":"category","embeddable":true,"href":"https:\/\/calleangosta.com\/ca\/wp-json\/wp\/v2\/categories?post=3313"},{"taxonomy":"post_tag","embeddable":true,"href":"https:\/\/calleangosta.com\/ca\/wp-json\/wp\/v2\/tags?post=3313"}],"curies":[{"name":"wp","href":"https:\/\/api.w.org\/{rel}","templated":true}]}}