{"id":3314,"date":"2024-12-03T10:31:56","date_gmt":"2024-12-03T13:31:56","guid":{"rendered":"https:\/\/calleangosta.com\/ca\/?p=3314"},"modified":"2024-12-03T10:32:20","modified_gmt":"2024-12-03T13:32:20","slug":"hoy-se-celebra-el-aniversario-de-la-v-brigada-aerea-v-reynolds","status":"publish","type":"post","link":"https:\/\/calleangosta.com\/ca\/hoy-se-celebra-el-aniversario-de-la-v-brigada-aerea-v-reynolds\/","title":{"rendered":"Hoy se celebra el Aniversario de la V Brigada A\u00e9rea \u201cV Reynolds\u00bb"},"content":{"rendered":"<p>En un d\u00eda cargado de significado y reconocimiento, la V Brigada A\u00e9rea \u201cV Reynolds\u201d conmemora otro a\u00f1o de inquebrantable servicio y compromiso. Desde su establecimiento, esta brigada ha representado un s\u00edmbolo de hero\u00edsmo y excelencia, defendiendo los cielos con valent\u00eda y dedicaci\u00f3n inquebrantable.<\/p>\n<p>En esta ocasi\u00f3n especial, es momento de recordar y celebrar su legado, as\u00ed como de rendir homenaje a todos aquellos que han servido y contin\u00faan sirviendo con orgullo en esta distinguida instituci\u00f3n.<\/p>\n<p>Fundada con el prop\u00f3sito de proteger y salvaguardar los intereses nacionales, la V Brigada A\u00e9rea ha sido fundamental en la historia de nuestra defensa a\u00e9rea. A lo largo de los a\u00f1os, ha enfrentado desaf\u00edos diversos con determinaci\u00f3n y profesionalismo, contribuyendo al mantenimiento de la seguridad y la soberan\u00eda de nuestro pa\u00eds.<\/p>\n<p>Desde misiones de vigilancia y patrullaje hasta operaciones de rescate y apoyo humanitario, la V Brigada A\u00e9rea ha demostrado su capacidad para adaptarse a las demandas cambiantes, siempre con un compromiso inquebrantable con el deber y el servicio a la comunidad.<\/p>\n<p>En este d\u00eda especial, es importante reconocer y agradecer el sacrificio y la dedicaci\u00f3n de todos los miembros de esta distinguida brigada, tanto aquellos que est\u00e1n en servicio activo como aquellos que han pasado por sus filas en el pasado. Su valent\u00eda y compromiso son un ejemplo para todos nosotros y una fuente de inspiraci\u00f3n en nuestro compromiso continuo con la seguridad y el bienestar de nuestra naci\u00f3n.<\/p>\n<p>Que este aniversario sea una oportunidad para reflexionar sobre la importancia de la V Brigada A\u00e9rea en nuestra historia y para renovar nuestro apoyo y gratitud hacia todos aquellos que la integran. \u00a1Feliz aniversario a la V Brigada A\u00e9rea \u201cV Reynolds\u201d! Que contin\u00fae su legado de honor, excelencia y servicio ejemplar por muchos a\u00f1os m\u00e1s.<\/p>\n","protected":false},"excerpt":{"rendered":"<p>En un d\u00eda cargado de significado y reconocimiento, la V Brigada A\u00e9rea \u201cV Reynolds\u201d conmemora otro a\u00f1o de inquebrantable servicio y compromiso. Desde su establecimiento, esta brigada ha representado un s\u00edmbolo de hero\u00edsmo y excelencia, defendiendo los cielos con valent\u00eda y dedicaci\u00f3n inquebrantable. En esta ocasi\u00f3n especial, es momento de recordar y celebrar su legado, &hellip;<\/p>\n","protected":false},"author":2,"featured_media":0,"comment_status":"open","ping_status":"open","sticky":false,"template":"","format":"standard","meta":{"advanced_seo_description":"","jetpack_seo_html_title":"","jetpack_seo_noindex":false,"_jetpack_memberships_contains_paid_content":false,"footnotes":"","jetpack_publicize_message":"","jetpack_publicize_feature_enabled":true,"jetpack_social_post_already_shared":false,"jetpack_social_options":{"image_generator_settings":{"template":"highway","default_image_id":0,"font":"","enabled":false},"version":2}},"categories":[6],"tags":[],"class_list":["post-3314","post","type-post","status-publish","format-standard","hentry","category-calle-angosta"],"jetpack_publicize_connections":[],"jetpack_featured_media_url":"","jetpack_sharing_enabled":true,"_links":{"self":[{"href":"https:\/\/calleangosta.com\/ca\/wp-json\/wp\/v2\/posts\/3314","targetHints":{"allow":["GET"]}}],"collection":[{"href":"https:\/\/calleangosta.com\/ca\/wp-json\/wp\/v2\/posts"}],"about":[{"href":"https:\/\/calleangosta.com\/ca\/wp-json\/wp\/v2\/types\/post"}],"author":[{"embeddable":true,"href":"https:\/\/calleangosta.com\/ca\/wp-json\/wp\/v2\/users\/2"}],"replies":[{"embeddable":true,"href":"https:\/\/calleangosta.com\/ca\/wp-json\/wp\/v2\/comments?post=3314"}],"version-history":[{"count":1,"href":"https:\/\/calleangosta.com\/ca\/wp-json\/wp\/v2\/posts\/3314\/revisions"}],"predecessor-version":[{"id":6090,"href":"https:\/\/calleangosta.com\/ca\/wp-json\/wp\/v2\/posts\/3314\/revisions\/6090"}],"wp:attachment":[{"href":"https:\/\/calleangosta.com\/ca\/wp-json\/wp\/v2\/media?parent=3314"}],"wp:term":[{"taxonomy":"category","embeddable":true,"href":"https:\/\/calleangosta.com\/ca\/wp-json\/wp\/v2\/categories?post=3314"},{"taxonomy":"post_tag","embeddable":true,"href":"https:\/\/calleangosta.com\/ca\/wp-json\/wp\/v2\/tags?post=3314"}],"curies":[{"name":"wp","href":"https:\/\/api.w.org\/{rel}","templated":true}]}}