{"id":3316,"date":"2024-12-03T10:31:55","date_gmt":"2024-12-03T13:31:55","guid":{"rendered":"https:\/\/calleangosta.com\/ca\/?p=3316"},"modified":"2024-12-03T10:32:19","modified_gmt":"2024-12-03T13:32:19","slug":"peliculas-emblematicas-que-exploran-la-resistencia-y-la-lucha-durante-la-dictadura-argentina","status":"publish","type":"post","link":"https:\/\/calleangosta.com\/ca\/peliculas-emblematicas-que-exploran-la-resistencia-y-la-lucha-durante-la-dictadura-argentina\/","title":{"rendered":"Pel\u00edculas emblem\u00e1ticas que exploran la resistencia y la lucha durante la Dictadura Argentina"},"content":{"rendered":"<p><span>Si tenemos que pensar pel\u00edculas sobre el\u00a0<strong>24 de marzo<\/strong>, a partir de la d\u00e9cada de 1980 en adelante se desarrollaron producciones que trataron en primera instancia en exponer la realidad y la consecuencia que los a\u00f1os de plomo dejaron en el pa\u00eds. Pasando desde las premiadas, otros que no tuvieron mayor trascendencia con los a\u00f1os, llegando al boom que fue la nominada para el Oscar 2023 titulada \u00abArgentina 1985\u00bb.\u00a0<\/span><\/p>\n<p><!--more--><\/p>\n<p><span><\/span><span>A continuaci\u00f3n, una\u00a0recopilaci\u00f3n de\u00a0pel\u00edculas que hablan sobre lo que sucedi\u00f3 a partir del 24 de marzo de 1976.\u00a0Una\u00a0<\/span><span>selecci\u00f3n de pel\u00edculas para seguir gritando ni olvido, ni perd\u00f3n ni reconciliaci\u00f3n.<\/span><\/p>\n<h3>Kamtchatka<\/h3>\n<p><span>Los dif\u00edciles a\u00f1os de la dictadura militar argentina son contemplados por Harry, un ni\u00f1o de diez a\u00f1os que lo \u00fanico que desea es jugar y hacer travesuras con su hermano peque\u00f1o. Sin embargo, en 1976, cuando su familia, perseguida por la dictadura, se ve obligada a esconderse en el campo, comienza para \u00e9l una nueva vida que pondr\u00e1 fin a su infancia.<\/span><\/p>\n<p><span>Direcci\u00f3n: Marcelo Pi\u00f1eyro Guion: Marcelo Pi\u00f1eyro, Marcelo Figueras &#8211; Reparto: Ricardo Dar\u00edn, Cecilia Roth, H\u00e9ctor Alterio, Fernanda Mistral, Tom\u00e1s Fonzi,<\/span><\/p>\n<p><iframe loading=\"lazy\" width=\"560\" height=\"315\" src=\"\/\/ok.ru\/videoembed\/5291381754392\" frameborder=\"0\" allow=\"autoplay\" allowfullscreen=\"allowfullscreen\"><\/iframe><\/p>\n<h3>Argentina 1985<\/h3>\n<h2 class=\"spip\">(Santiago Mitre, 2022)<\/h2>\n<p>La trama ya es vox populi: un funcionario gris del poder judicial llamado<span>\u00a0<\/span><strong>Julio C\u00e9sar Strassera<\/strong><span>\u00a0<\/span>(Ricardo Dar\u00edn) tiene el desaf\u00edo de llevar al banquillo de los acusados a militares todopoderosos ca\u00eddos en desgracia en un pa\u00eds sudamericano (Argentina, tras la ca\u00edda de su \u00faltima dictadura militar). Para ello, arma un equipo en donde juega un rol clave Luis Moreno Ocampo (Peter Lanzani) y un grupo de jovenes que compondr\u00e1n una pel\u00edcula mainstream donde la din\u00e1mica David versus Goliat, por tomar una proporci\u00f3n b\u00edblica, ser\u00e1 el eje protagonista de la historia. Basada en un hecho de la realidad, recibi\u00f3 numerosos premios y nominaciones, entre ellas a Mejor Pel\u00edcula Extranjera en los Premios de la Academia 2023.<\/p>\n<p><iframe loading=\"lazy\" width=\"560\" height=\"315\" src=\"\/\/ok.ru\/videoembed\/6946765540056\" frameborder=\"0\" allow=\"autoplay\" allowfullscreen=\"allowfullscreen\"><\/iframe><\/p>\n<\/p>\n<h3><a href=\"https:\/\/ok.ru\/video\/6946765540056\"><\/a><span>Garage Olimpo<\/span><\/h3>\n<p><span>\u00abGarage Olimpo\u00bb es una obra impactante que arroja luz sobre un per\u00edodo turbulento de la historia argentina. Nos invita a reflexionar sobre los horrores de la represi\u00f3n pol\u00edtica y la importancia de preservar la memoria y buscar la justicia en todo momento.\u00a0<\/span><\/p>\n<p><span><iframe loading=\"lazy\" width=\"560\" height=\"315\" src=\"\/\/ok.ru\/videoembed\/3184708618903\" frameborder=\"0\" allow=\"autoplay\" allowfullscreen=\"allowfullscreen\"><\/iframe><\/span><span><br \/><\/span><\/p>\n<h3><span>La Noche de los L\u00e1pices<\/span><\/h3>\n<p><span>\u00abLa Noche de los L\u00e1pices\u00bb es aclamada como una obra importante del cine argentino que arroja luz sobre un per\u00edodo oscuro de la historia del pa\u00eds y que honra la memoria de los valientes estudiantes que lucharon por la justicia y los derechos humanos.<a href=\"https:\/\/ok.ru\/video\/3379044747802\"><\/a><\/span><\/p>\n<p><span>La pel\u00edcula recrea la historia desde el comienzo de las protestas estudiantiles de 1975 hasta 1980, cuando el \u00fanico sobreviviente del grupo secuestrado fue liberado. La primera parte de la pel\u00edcula relata la actividad de los adolescentes y la ominosa razzia en la que fueron secuestrados y encarcelados; la segunda narra las circunstancias de la prisi\u00f3n y tortura de los j\u00f3venes, siguiendo paralelamente la situaci\u00f3n de las familias de los cautivos y la de sus captores.1\u200b La pel\u00edcula se centra m\u00e1s en la experiencia f\u00edsica y psicol\u00f3gica de los personajes que en el contexto pol\u00edtico y social imperante en la dictadura, desarrollando la historia de una manera que \u00e9sta se vea como universal y capaz de suceder en cualquier r\u00e9gimen autoritario, concentr\u00e1ndose en la situaci\u00f3n de los seres humanos bajo extrema presi\u00f3n.2\u200b Fue seleccionada en la competici\u00f3n oficial del Festival Internacional de Cine de Mosc\u00fa de 1987, y nominada para su m\u00e1ximo galard\u00f3n, el premio San Jorge de Oro.<\/span><\/p>\n<p><span><iframe loading=\"lazy\" width=\"560\" height=\"315\" src=\"\/\/ok.ru\/videoembed\/3379044747802\" frameborder=\"0\" allow=\"autoplay\" allowfullscreen=\"allowfullscreen\"><\/iframe><\/span><\/p>\n<h3><span><a href=\"https:\/\/ok.ru\/video\/3379044747802\"><\/a><\/span><span>La Historia Oficia<\/span><\/h3>\n<p><span>Protagonizada por Norma Aleandro y H\u00e9ctor Alterio, comenz\u00f3 a rodarse en 1983 bajo la dictadura, motivo por el cual la actriz dudaba en participar por las posibles represalias que recaer\u00edan no solamente en ella sino en todo el equipo de producci\u00f3n. La tem\u00e1tica central de \u00abLa Historia Oficial\u00bb gira en torno a la apropiaci\u00f3n de beb\u00e9s, un hecho que era parte de la realidad de la dictadura militar. El grueso de la pel\u00edcula se film\u00f3 ya en 1984 con imagenes en donde se incluyen a las Abuelas de Plaza de Mayo y se estren\u00f3 en abril de 1985. En marzo del a\u00f1o siguiente se llev\u00f3 el Oscar a la Mejor Pel\u00edcula Extranjera en los Premios Oscar, la primera vez en la historia en que una pel\u00edcula argentina recibi\u00f3 esta distinci\u00f3n.<\/span><\/p>\n<p><span><iframe loading=\"lazy\" width=\"560\" height=\"315\" src=\"\/\/ok.ru\/videoembed\/6909177629268\" frameborder=\"0\" allow=\"autoplay\" allowfullscreen=\"allowfullscreen\"><\/iframe><\/span><\/p>\n<h3><span>El Censor<\/span><\/h3>\n<p><span>Acercamiento a la figura de un censor cinematogr\u00e1fico de la \u00e9poca de la \u00faltima dictadura militar argentina (levemente inspirado en el tristemente c\u00e9lebre Miguel Paulino Tato). Ra\u00fal Veirab\u00e9 es el jefe de la oficina de censura cinematogr\u00e1fica. Es un hombre de mediana edad, franco, audaz y honesto a quien le gustan las buenas pel\u00edculas y que por otra parte las censura. Colecciona fotogramas de pel\u00edculas donde aparece una extra muy atractiva. Inesperadamente, desaparece de la butaca de un cine y se despierta ocho a\u00f1os m\u00e1s tarde en el medio de otra \u00e9poca: la democracia reina en el pa\u00eds. \u00c9l trata de replantear su vida y descubre lo que ha pasado durante todos esos a\u00f1os.<br \/><\/span><\/p>\n<p><span>A\u00f1o 1995 Duraci\u00f3n 115 min. Pa\u00eds Argentina Argentina Direcci\u00f3n Eduardo Calcagno Guion Jorge Goldenberg, Alan Pauls M\u00fasica Luis Mar\u00eda Serra Fotograf\u00eda Jos\u00e9 Mar\u00eda Hermo Reparto Ulises Dumont, Patricio Contreras, Margara Alonso, Lorenzo Quinteros, Alfredo Allende, Boy Olmi, Luc\u00eda Zulueta, Silvina Bosco, Kika Child, Diego Jalfen, Alberto Segado, Mauricio Dayub, Paulino Andrada, Sergio Ren\u00e1n, Miguel Dedovich, Vera Fogwill, Violeta Na\u00f3n, Pablo Patlis, Jorge Sabate, Gabo Correa, Daniel Freire Productora INCAA G\u00e9nero Drama. Fant\u00e1stico | Dictadura argentina. Pol\u00edtica<\/span><\/p>\n<p><iframe loading=\"lazy\" width=\"560\" height=\"315\" src=\"\/\/ok.ru\/videoembed\/3308729862886\" frameborder=\"0\" allow=\"autoplay\" allowfullscreen=\"allowfullscreen\"><\/iframe><\/p>\n<h3>Otras\u00a0pel\u00edculas&#8230;<\/h3>\n<\/p>\n<p>Un muro de silencio<\/p>\n<p><a href=\"https:\/\/ok.ru\/video\/6470988663485\">https:\/\/ok.ru\/video\/6470988663485<\/a>\u00a0<\/p>\n<p>Operaci\u00f3n M\u00e9xico, una pacto de amor<\/p>\n<p><a href=\"https:\/\/ok.ru\/video\/4698434374234\">https:\/\/ok.ru\/video\/4698434374234<\/a>\u00a0<\/p>\n<p>La amiga<\/p>\n<p><a href=\"https:\/\/ok.ru\/video\/3446574156306\">https:\/\/ok.ru\/video\/3446574156306<\/a>\u00a0\u00a0<\/p>\n<p>Infancia clandestina<\/p>\n<p><a href=\"https:\/\/ok.ru\/video\/5022673996312\">https:\/\/ok.ru\/video\/5022673996312<\/a>\u00a0<\/p>\n<p>Sinfon\u00eda para Ana<\/p>\n<p><a href=\"https:\/\/ok.ru\/video\/1699686255257\">https:\/\/ok.ru\/video\/1699686255257<\/a>\u00a0<\/p>\n<p>Andr\u00e9s no quiere dormir la siesta<\/p>\n<p><a href=\"https:\/\/ok.ru\/video\/3848782678618\">https:\/\/ok.ru\/video\/3848782678618<\/a>\u00a0<\/p>\n<p>El premio<\/p>\n<p><a href=\"https:\/\/ok.ru\/video\/1333481245274\">https:\/\/ok.ru\/video\/1333481245274<\/a>\u00a0<\/p>\n<\/p>\n<p>Hermana<\/p>\n<p><a href=\"https:\/\/ok.ru\/video\/6466732821181\">https:\/\/ok.ru\/video\/6466732821181<\/a>\u00a0<\/p>\n<p>Moira<\/p>\n<p><a href=\"https:\/\/ok.ru\/video\/3767448832755\">https:\/\/ok.ru\/video\/3767448832755<\/a>\u00a0<\/p>\n<p>El exilio de Gardel<\/p>\n<p><a href=\"https:\/\/ok.ru\/video\/3416589208121\">https:\/\/ok.ru\/video\/3416589208121<\/a>\u00a0<\/p>\n<p>Pueblo chico<\/p>\n<p><a href=\"https:\/\/ok.ru\/video\/5268605373097\">https:\/\/ok.ru\/video\/5268605373097<\/a>\u00a0<\/p>\n<p>Sur<\/p>\n<p><a href=\"https:\/\/ok.ru\/video\/2043989920401\">https:\/\/ok.ru\/video\/2043989920401<\/a>\u00a0<\/p>\n<p>Eva y Lola<\/p>\n<p><a href=\"https:\/\/ok.ru\/video\/1380774120026\">https:\/\/ok.ru\/video\/1380774120026<\/a>\u00a0<\/p>\n<p>Los d\u00edas de Junio<\/p>\n<p><a href=\"https:\/\/ok.ru\/video\/4450873051801\">https:\/\/ok.ru\/video\/4450873051801<\/a>\u00a0<\/p>\n<p>M<\/p>\n<p><a href=\"https:\/\/play.cine.ar\/INCAA\/produccion\/759\">https:\/\/play.cine.ar\/INCAA\/produccion\/759<\/a>\u00a0<\/p>\n<p>Pa\u00f1uelos para la historia<\/p>\n<p><a href=\"https:\/\/play.cine.ar\/INCAA\/produccion\/7526\">https:\/\/play.cine.ar\/INCAA\/produccion\/7526<\/a>\u00a0<\/p>\n<p>Sonata en si menor<\/p>\n<p><a href=\"https:\/\/play.cine.ar\/INCAA\/produccion\/8492\">https:\/\/play.cine.ar\/INCAA\/produccion\/8492<\/a>\u00a0<\/p>\n<p>Bemoluci\u00f3n<\/p>\n<p><a href=\"https:\/\/play.cine.ar\/INCAA\/produccion\/9114\">https:\/\/play.cine.ar\/INCAA\/produccion\/9114<\/a>\u00a0<\/p>\n<p>Se va a acabar<\/p>\n<p><a href=\"https:\/\/play.cine.ar\/INCAA\/produccion\/7710\">https:\/\/play.cine.ar\/INCAA\/produccion\/7710<\/a>\u00a0<\/p>\n<p>Que no dar\u00eda yo por la memoria<\/p>\n<p><a href=\"https:\/\/play.cine.ar\/INCAA\/produccion\/7408\">https:\/\/play.cine.ar\/INCAA\/produccion\/7408<\/a>\u00a0<\/p>\n<p>70 y Pico<\/p>\n<p><a href=\"https:\/\/play.cine.ar\/INCAA\/produccion\/5467\">https:\/\/play.cine.ar\/INCAA\/produccion\/5467<\/a>\u00a0<\/p>\n<p>Los prohibidos<\/p>\n<p><a href=\"https:\/\/play.cine.ar\/INCAA\/produccion\/7983\">https:\/\/play.cine.ar\/INCAA\/produccion\/7983<\/a>\u00a0<\/p>\n<p>Historias cotidianas<\/p>\n<p><a href=\"https:\/\/play.cine.ar\/INCAA\/produccion\/7983\">https:\/\/play.cine.ar\/INCAA\/produccion\/7983<\/a>\u00a0<\/p>\n<p>Ivone<\/p>\n<p><a href=\"https:\/\/play.cine.ar\/INCAA\/produccion\/7274\">https:\/\/play.cine.ar\/INCAA\/produccion\/7274<\/a>\u00a0<\/p>\n<p>La casa de Arguello<\/p>\n<p><a href=\"https:\/\/play.cine.ar\/INCAA\/produccion\/6148\">https:\/\/play.cine.ar\/INCAA\/produccion\/6148<\/a>\u00a0<\/p>\n<p>Jorge Novak<\/p>\n<p><a href=\"https:\/\/play.cine.ar\/INCAA\/produccion\/8077\">https:\/\/play.cine.ar\/INCAA\/produccion\/8077<\/a>\u00a0<\/p>\n<p>Dej\u00e1 la luz prendida<\/p>\n<p><a href=\"https:\/\/play.cine.ar\/INCAA\/produccion\/5241\">https:\/\/play.cine.ar\/INCAA\/produccion\/5241<\/a>\u00a0<\/p>\n<p>Octubre 23 : una historia de estudiantes secundarios<\/p>\n<p><a href=\"https:\/\/play.cine.ar\/INCAA\/produccion\/8972\">https:\/\/play.cine.ar\/INCAA\/produccion\/8972<\/a>\u00a0<\/p>\n<p>La larga noche de Francisco Sanctis<\/p>\n<p><a href=\"https:\/\/play.cine.ar\/INCAA\/produccion\/4001\">https:\/\/play.cine.ar\/INCAA\/produccion\/4001<\/a>\u00a0<\/p>\n<p>El secreto libre<\/p>\n<p><a href=\"https:\/\/play.cine.ar\/INCAA\/produccion\/7587\">https:\/\/play.cine.ar\/INCAA\/produccion\/7587<\/a>\u00a0<\/p>\n<p>Condenados<\/p>\n<p><a href=\"https:\/\/play.cine.ar\/INCAA\/produccion\/8031\">https:\/\/play.cine.ar\/INCAA\/produccion\/8031<\/a>\u00a0<\/p>\n<p>La masacre de San Patricio<\/p>\n<p><a href=\"https:\/\/www.youtube.com\/watch?v=GghHdZmWtYs\">https:\/\/www.youtube.com\/watch?v=GghHdZmWtYs<\/a>\u00a0<\/p>\n<p>Flores de Septiembre<\/p>\n<p><a href=\"https:\/\/www.youtube.com\/watch?v=SYgo1hfwaO0&amp;t=359s\">https:\/\/www.youtube.com\/watch?v=SYgo1hfwaO0&amp;t=359s<\/a>\u00a0<\/p>\n<p>Ojos azules<\/p>\n<p><a href=\"https:\/\/www.youtube.com\/watch?v=9JFZSssS98U\">https:\/\/www.youtube.com\/watch?v=9JFZSssS98U<\/a>\u00a0<\/p>\n<p>S\u00e9ptimo<\/p>\n<p><a href=\"https:\/\/www.youtube.com\/watch?v=pBnja2TOq3g\">https:\/\/www.youtube.com\/watch?v=pBnja2TOq3g<\/a>\u00a0<\/p>\n<p>El almuerzo<\/p>\n<p><a href=\"https:\/\/www.youtube.com\/watch?v=LBJqxJOam1\">https:\/\/www.youtube.com\/watch?v=LBJqxJOam1<\/a><\/p>\n","protected":false},"excerpt":{"rendered":"<p>Si tenemos que pensar pel\u00edculas sobre el\u00a024 de marzo, a partir de la d\u00e9cada de 1980 en adelante se desarrollaron producciones que trataron en primera instancia en exponer la realidad y la consecuencia que los a\u00f1os de plomo dejaron en el pa\u00eds. Pasando desde las premiadas, otros que no tuvieron mayor trascendencia con los a\u00f1os, &hellip;<\/p>\n","protected":false},"author":2,"featured_media":0,"comment_status":"open","ping_status":"open","sticky":false,"template":"","format":"standard","meta":{"advanced_seo_description":"","jetpack_seo_html_title":"","jetpack_seo_noindex":false,"_jetpack_memberships_contains_paid_content":false,"footnotes":"","jetpack_publicize_message":"","jetpack_publicize_feature_enabled":true,"jetpack_social_post_already_shared":false,"jetpack_social_options":{"image_generator_settings":{"template":"highway","default_image_id":0,"font":"","enabled":false},"version":2}},"categories":[6],"tags":[],"class_list":["post-3316","post","type-post","status-publish","format-standard","hentry","category-calle-angosta"],"jetpack_publicize_connections":[],"jetpack_featured_media_url":"","jetpack_sharing_enabled":true,"_links":{"self":[{"href":"https:\/\/calleangosta.com\/ca\/wp-json\/wp\/v2\/posts\/3316","targetHints":{"allow":["GET"]}}],"collection":[{"href":"https:\/\/calleangosta.com\/ca\/wp-json\/wp\/v2\/posts"}],"about":[{"href":"https:\/\/calleangosta.com\/ca\/wp-json\/wp\/v2\/types\/post"}],"author":[{"embeddable":true,"href":"https:\/\/calleangosta.com\/ca\/wp-json\/wp\/v2\/users\/2"}],"replies":[{"embeddable":true,"href":"https:\/\/calleangosta.com\/ca\/wp-json\/wp\/v2\/comments?post=3316"}],"version-history":[{"count":1,"href":"https:\/\/calleangosta.com\/ca\/wp-json\/wp\/v2\/posts\/3316\/revisions"}],"predecessor-version":[{"id":6088,"href":"https:\/\/calleangosta.com\/ca\/wp-json\/wp\/v2\/posts\/3316\/revisions\/6088"}],"wp:attachment":[{"href":"https:\/\/calleangosta.com\/ca\/wp-json\/wp\/v2\/media?parent=3316"}],"wp:term":[{"taxonomy":"category","embeddable":true,"href":"https:\/\/calleangosta.com\/ca\/wp-json\/wp\/v2\/categories?post=3316"},{"taxonomy":"post_tag","embeddable":true,"href":"https:\/\/calleangosta.com\/ca\/wp-json\/wp\/v2\/tags?post=3316"}],"curies":[{"name":"wp","href":"https:\/\/api.w.org\/{rel}","templated":true}]}}