{"id":3317,"date":"2024-12-03T10:31:55","date_gmt":"2024-12-03T13:31:55","guid":{"rendered":"https:\/\/calleangosta.com\/ca\/?p=3317"},"modified":"2024-12-03T10:32:15","modified_gmt":"2024-12-03T13:32:15","slug":"la-presidenta-del-concejo-desoye-orden-judicial-14-empleados-continuan-desvinculados","status":"publish","type":"post","link":"https:\/\/calleangosta.com\/ca\/la-presidenta-del-concejo-desoye-orden-judicial-14-empleados-continuan-desvinculados\/","title":{"rendered":"La presidenta del concejo desoye orden judicial: 14 empleados contin\u00faan desvinculados"},"content":{"rendered":"<p>Durante la sesi\u00f3n de este jueves en el Concejo Deliberante, se puso de manifiesto la falta de cumplimiento por parte de la presidenta del cuerpo, Agustina Arancibia Rodr\u00edguez, respecto a una medida judicial que ordena la reincorporaci\u00f3n de catorce empleados de planta permanente que fueron desvinculados durante el verano.<\/p>\n<p><!--more--><\/p>\n<p>A pesar de la orden emitida por el sistema judicial, la presidenta del Concejo no ha acatado la decisi\u00f3n y los catorce empleados contin\u00faan sin ser reincorporados en sus funciones. Esta situaci\u00f3n ha generado preocupaci\u00f3n y malestar entre los afectados y sus familias, as\u00ed como en la comunidad en general.<\/p>\n<p>La desobediencia a una orden judicial es un hecho grave que pone en entredicho el respeto por el estado de derecho y la garant\u00eda de los derechos laborales de los trabajadores. La presidenta del Concejo est\u00e1 en la obligaci\u00f3n de cumplir con la medida judicial y garantizar la reincorporaci\u00f3n de los empleados desvinculados.<\/p>\n<p>Desde diversos sectores se ha exigido a la presidenta del Concejo que acate la orden judicial de manera inmediata y que se restablezcan los derechos laborales de los catorce empleados afectados. Esta situaci\u00f3n continuar\u00e1 siendo vigilada de cerca por la comunidad y se espera que se resuelva de manera justa y en concordancia con la ley.<\/p>\n","protected":false},"excerpt":{"rendered":"<p>Durante la sesi\u00f3n de este jueves en el Concejo Deliberante, se puso de manifiesto la falta de cumplimiento por parte de la presidenta del cuerpo, Agustina Arancibia Rodr\u00edguez, respecto a una medida judicial que ordena la reincorporaci\u00f3n de catorce empleados de planta permanente que fueron desvinculados durante el verano. A pesar de la orden emitida &hellip;<\/p>\n","protected":false},"author":2,"featured_media":0,"comment_status":"open","ping_status":"open","sticky":false,"template":"","format":"standard","meta":{"advanced_seo_description":"","jetpack_seo_html_title":"","jetpack_seo_noindex":false,"_jetpack_memberships_contains_paid_content":false,"footnotes":"","jetpack_publicize_message":"","jetpack_publicize_feature_enabled":true,"jetpack_social_post_already_shared":false,"jetpack_social_options":{"image_generator_settings":{"template":"highway","default_image_id":0,"font":"","enabled":false},"version":2}},"categories":[6],"tags":[],"class_list":["post-3317","post","type-post","status-publish","format-standard","hentry","category-calle-angosta"],"jetpack_publicize_connections":[],"jetpack_featured_media_url":"","jetpack_sharing_enabled":true,"_links":{"self":[{"href":"https:\/\/calleangosta.com\/ca\/wp-json\/wp\/v2\/posts\/3317","targetHints":{"allow":["GET"]}}],"collection":[{"href":"https:\/\/calleangosta.com\/ca\/wp-json\/wp\/v2\/posts"}],"about":[{"href":"https:\/\/calleangosta.com\/ca\/wp-json\/wp\/v2\/types\/post"}],"author":[{"embeddable":true,"href":"https:\/\/calleangosta.com\/ca\/wp-json\/wp\/v2\/users\/2"}],"replies":[{"embeddable":true,"href":"https:\/\/calleangosta.com\/ca\/wp-json\/wp\/v2\/comments?post=3317"}],"version-history":[{"count":1,"href":"https:\/\/calleangosta.com\/ca\/wp-json\/wp\/v2\/posts\/3317\/revisions"}],"predecessor-version":[{"id":6087,"href":"https:\/\/calleangosta.com\/ca\/wp-json\/wp\/v2\/posts\/3317\/revisions\/6087"}],"wp:attachment":[{"href":"https:\/\/calleangosta.com\/ca\/wp-json\/wp\/v2\/media?parent=3317"}],"wp:term":[{"taxonomy":"category","embeddable":true,"href":"https:\/\/calleangosta.com\/ca\/wp-json\/wp\/v2\/categories?post=3317"},{"taxonomy":"post_tag","embeddable":true,"href":"https:\/\/calleangosta.com\/ca\/wp-json\/wp\/v2\/tags?post=3317"}],"curies":[{"name":"wp","href":"https:\/\/api.w.org\/{rel}","templated":true}]}}