{"id":3318,"date":"2024-12-03T10:31:53","date_gmt":"2024-12-03T13:31:53","guid":{"rendered":"https:\/\/calleangosta.com\/ca\/?p=3318"},"modified":"2024-12-03T10:32:14","modified_gmt":"2024-12-03T13:32:14","slug":"docentes-lloraron-frente-a-poggi-nos-vemos-obligados-a-buscar-trabajos-extra","status":"publish","type":"post","link":"https:\/\/calleangosta.com\/ca\/docentes-lloraron-frente-a-poggi-nos-vemos-obligados-a-buscar-trabajos-extra\/","title":{"rendered":"Docentes lloraron frente a Poggi; \u00abnos vemos obligados a buscar trabajos extra\u00bb"},"content":{"rendered":"<p>El Gobernador Claudio Poggi visit\u00f3 Villa Mercedes y se enfrent\u00f3 a la crudeza de una realidad que no quiere, no puede o no sabe ver. Estuvo en la escuela Ra\u00fal B. D\u00edaz y no tuvo respuesta al planteo de las maestras que le transmitieron la desesperaci\u00f3n por la miseria a la que han visto reducidos sus salarios. En un video que se viraliz\u00f3 r\u00e1pidamente, se escucha el llanto de las docentes.<\/p>\n<p><!--more--><\/p>\n<p>El mandatario lleg\u00f3 a la segunda ciudad de la Provincia para participar en un acto en la Quinta Brigada A\u00e9rea; se hab\u00eda rumoreado que asistir\u00eda la Vicepresidenta de la Naci\u00f3n, Victoria Villarruel, cosa que finalmente no sucedi\u00f3.<\/p>\n<p>Como actividades complementarias, el Contador a cargo del Poder Ejecutivo Provincial decidi\u00f3 pasearse por algunas escuelas de la Ciudad. En la Escuela N\u00b0 34 Ra\u00fal Bernardo D\u00edaz y acompa\u00f1ado por el Intendente Municipal Maximiliano Frontera, la Viceintendenta Silvina Galetto y la Concejal Cecilia Lucero, as\u00ed como otros funcionarios provinciales y municipales.<\/p>\n<p>En el ingreso al establecimiento, un grupo de maestras, con l\u00e1grimas en los ojos y la voz al borde del quiebre, respetuosamente, le explicaron al Gobernador la realidad que les golpea. \u00abSomos trabajadores y los trabajadores somos muy pobres hoy\u00bb. \u00abHe trabajado toda la vida, me he profesionalizado, capacitado, hice una licenciatura&#8230;\u00bb, \u00abnos vemos obligadas a buscar otros trabajos, trabajos extras\u00bb, \u00abno es justo&#8230;\u00bb.<\/p>\n<p>Claudio Poggi atin\u00f3 a decir \u00abentiendo\u00bb, aunque ninguno de los presentes estuvo seguro de que eso estaba sucediendo. Porque de inmediato agreg\u00f3 una frase que pareci\u00f3 una amenaza: \u00abafuera hay un 50% de desocupaci\u00f3n\u00bb, como recomendando que se conformen con lo poco que obtienen porque la alternativa es la nada. Y agreg\u00f3 para sumar dramatismo, que esta noche 7 de cada 10 ni\u00f1os no tendr\u00e1n cena. Como si las docentes no fueran conscientes de la realidad social con la que se enfrentan cada jornada. Y por cierto, una realidad social que se agrava vertiginosamente como consecuencia de las medidas que toman d\u00eda tras d\u00eda en sociedad, el gobierno nacional de los Hermanos Milei y el provincial que \u00e9l mismo encabeza.<\/p>\n<p>El gobernador Claudio Poggi parece estar en un plano diferente al de la realidad; en el video que circul\u00f3 y que se puede ver a continuaci\u00f3n, el mandatario parece no registrar el reclamo de una recomposici\u00f3n salarial que permita recuperar total o parcialmente los m\u00e1s de 70 puntos porcentuales que se devor\u00f3 la inflaci\u00f3n. Y que los argumentos del \u00abno hay plata\u00bb y \u00abla pesada herencia\u00bb dejaron de tener verosimilitud cuando trascendieron las numerosas contrataciones de funcionarios, los sobresueldos para militantes y dirigentes y las transferencias abultadas para el aparato propagand\u00edstico montado en el ex Canal 13 hoy rebautizado San Luis +.<\/p>\n<p><video width=\"300\" height=\"700\" controls=\"controls\"><source src=\"https:\/\/calleangosta.com\/images\/2024\/marzo\/poggiraulbdiaz.mp4\" type=\"video\/mp4\" \/><\/video><\/p>\n","protected":false},"excerpt":{"rendered":"<p>El Gobernador Claudio Poggi visit\u00f3 Villa Mercedes y se enfrent\u00f3 a la crudeza de una realidad que no quiere, no puede o no sabe ver. Estuvo en la escuela Ra\u00fal B. D\u00edaz y no tuvo respuesta al planteo de las maestras que le transmitieron la desesperaci\u00f3n por la miseria a la que han visto reducidos &hellip;<\/p>\n","protected":false},"author":2,"featured_media":0,"comment_status":"open","ping_status":"open","sticky":false,"template":"","format":"standard","meta":{"advanced_seo_description":"","jetpack_seo_html_title":"","jetpack_seo_noindex":false,"_jetpack_memberships_contains_paid_content":false,"footnotes":"","jetpack_publicize_message":"","jetpack_publicize_feature_enabled":true,"jetpack_social_post_already_shared":false,"jetpack_social_options":{"image_generator_settings":{"template":"highway","default_image_id":0,"font":"","enabled":false},"version":2}},"categories":[6],"tags":[],"class_list":["post-3318","post","type-post","status-publish","format-standard","hentry","category-calle-angosta"],"jetpack_publicize_connections":[],"jetpack_featured_media_url":"","jetpack_sharing_enabled":true,"_links":{"self":[{"href":"https:\/\/calleangosta.com\/ca\/wp-json\/wp\/v2\/posts\/3318","targetHints":{"allow":["GET"]}}],"collection":[{"href":"https:\/\/calleangosta.com\/ca\/wp-json\/wp\/v2\/posts"}],"about":[{"href":"https:\/\/calleangosta.com\/ca\/wp-json\/wp\/v2\/types\/post"}],"author":[{"embeddable":true,"href":"https:\/\/calleangosta.com\/ca\/wp-json\/wp\/v2\/users\/2"}],"replies":[{"embeddable":true,"href":"https:\/\/calleangosta.com\/ca\/wp-json\/wp\/v2\/comments?post=3318"}],"version-history":[{"count":1,"href":"https:\/\/calleangosta.com\/ca\/wp-json\/wp\/v2\/posts\/3318\/revisions"}],"predecessor-version":[{"id":6086,"href":"https:\/\/calleangosta.com\/ca\/wp-json\/wp\/v2\/posts\/3318\/revisions\/6086"}],"wp:attachment":[{"href":"https:\/\/calleangosta.com\/ca\/wp-json\/wp\/v2\/media?parent=3318"}],"wp:term":[{"taxonomy":"category","embeddable":true,"href":"https:\/\/calleangosta.com\/ca\/wp-json\/wp\/v2\/categories?post=3318"},{"taxonomy":"post_tag","embeddable":true,"href":"https:\/\/calleangosta.com\/ca\/wp-json\/wp\/v2\/tags?post=3318"}],"curies":[{"name":"wp","href":"https:\/\/api.w.org\/{rel}","templated":true}]}}