{"id":3322,"date":"2024-12-03T10:31:50","date_gmt":"2024-12-03T13:31:50","guid":{"rendered":"https:\/\/calleangosta.com\/ca\/?p=3322"},"modified":"2024-12-03T10:32:09","modified_gmt":"2024-12-03T13:32:09","slug":"denuncia-ante-la-onu-acusaciones-de-violaciones-al-sistema-democratico-contra-el-gobierno","status":"publish","type":"post","link":"https:\/\/calleangosta.com\/ca\/denuncia-ante-la-onu-acusaciones-de-violaciones-al-sistema-democratico-contra-el-gobierno\/","title":{"rendered":"Denuncia ante la ONU: acusaciones de violaciones al sistema democr\u00e1tico contra el Gobierno"},"content":{"rendered":"<p>Durante la 55\u00b0 sesi\u00f3n ordinaria del Consejo de Derechos Humanos de las Naciones Unidas en Suiza, la Asociaci\u00f3n Americana de Juristas (AAJ) present\u00f3 una denuncia formal contra el Gobierno, se\u00f1alando presuntas violaciones al sistema democr\u00e1tico.<\/p>\n<p><!--more--><\/p>\n<p>La denuncia se centra en las medidas adoptadas desde el inicio de la administraci\u00f3n de Javier Milei, que seg\u00fan la AAJ, contradicen derechos fundamentales consagrados en la Constituci\u00f3n del pa\u00eds, as\u00ed como los derechos humanos y el derecho al desarrollo sostenible.<\/p>\n","protected":false},"excerpt":{"rendered":"<p>Durante la 55\u00b0 sesi\u00f3n ordinaria del Consejo de Derechos Humanos de las Naciones Unidas en Suiza, la Asociaci\u00f3n Americana de Juristas (AAJ) present\u00f3 una denuncia formal contra el Gobierno, se\u00f1alando presuntas violaciones al sistema democr\u00e1tico. La denuncia se centra en las medidas adoptadas desde el inicio de la administraci\u00f3n de Javier Milei, que seg\u00fan la &hellip;<\/p>\n","protected":false},"author":2,"featured_media":0,"comment_status":"open","ping_status":"open","sticky":false,"template":"","format":"standard","meta":{"advanced_seo_description":"","jetpack_seo_html_title":"","jetpack_seo_noindex":false,"_jetpack_memberships_contains_paid_content":false,"footnotes":"","jetpack_publicize_message":"","jetpack_publicize_feature_enabled":true,"jetpack_social_post_already_shared":false,"jetpack_social_options":{"image_generator_settings":{"template":"highway","default_image_id":0,"font":"","enabled":false},"version":2}},"categories":[6],"tags":[],"class_list":["post-3322","post","type-post","status-publish","format-standard","hentry","category-calle-angosta"],"jetpack_publicize_connections":[],"jetpack_featured_media_url":"","jetpack_sharing_enabled":true,"_links":{"self":[{"href":"https:\/\/calleangosta.com\/ca\/wp-json\/wp\/v2\/posts\/3322","targetHints":{"allow":["GET"]}}],"collection":[{"href":"https:\/\/calleangosta.com\/ca\/wp-json\/wp\/v2\/posts"}],"about":[{"href":"https:\/\/calleangosta.com\/ca\/wp-json\/wp\/v2\/types\/post"}],"author":[{"embeddable":true,"href":"https:\/\/calleangosta.com\/ca\/wp-json\/wp\/v2\/users\/2"}],"replies":[{"embeddable":true,"href":"https:\/\/calleangosta.com\/ca\/wp-json\/wp\/v2\/comments?post=3322"}],"version-history":[{"count":1,"href":"https:\/\/calleangosta.com\/ca\/wp-json\/wp\/v2\/posts\/3322\/revisions"}],"predecessor-version":[{"id":6083,"href":"https:\/\/calleangosta.com\/ca\/wp-json\/wp\/v2\/posts\/3322\/revisions\/6083"}],"wp:attachment":[{"href":"https:\/\/calleangosta.com\/ca\/wp-json\/wp\/v2\/media?parent=3322"}],"wp:term":[{"taxonomy":"category","embeddable":true,"href":"https:\/\/calleangosta.com\/ca\/wp-json\/wp\/v2\/categories?post=3322"},{"taxonomy":"post_tag","embeddable":true,"href":"https:\/\/calleangosta.com\/ca\/wp-json\/wp\/v2\/tags?post=3322"}],"curies":[{"name":"wp","href":"https:\/\/api.w.org\/{rel}","templated":true}]}}