{"id":3323,"date":"2024-12-03T10:31:49","date_gmt":"2024-12-03T13:31:49","guid":{"rendered":"https:\/\/calleangosta.com\/ca\/?p=3323"},"modified":"2024-12-03T10:32:08","modified_gmt":"2024-12-03T13:32:08","slug":"nuevo-ataque-en-rosario-balacera-y-amenazas-elevan-la-tension","status":"publish","type":"post","link":"https:\/\/calleangosta.com\/ca\/nuevo-ataque-en-rosario-balacera-y-amenazas-elevan-la-tension\/","title":{"rendered":"Nuevo ataque en Rosario: balacera y amenazas elevan la tensi\u00f3n"},"content":{"rendered":"<p>Este s\u00e1bado, en medio del despliegue de fuerzas federales en Rosario, se produjo un nuevo incidente de violencia que ha aumentado la preocupaci\u00f3n en la ciudad.<\/p>\n<p><!--more--><\/p>\n<p>Un individuo, acompa\u00f1ado por un c\u00f3mplice en moto, dispar\u00f3 contra el frente de un edificio en el barrio Echesortu, ubicado en Castellanos y Zeballos.<\/p>\n<p>El ataque, presenciado por varios testigos, dej\u00f3 nueve impactos de bala en la puerta de acceso y en los vidrios blindex del edificio. Afortunadamente, no se reportaron v\u00edctimas, pero los residentes se vieron amenazados nuevamente por la violencia que ha azotado la ciudad en los \u00faltimos tiempos.<\/p>\n<p>La nota encontrada por la polic\u00eda junto al lugar del ataque conten\u00eda amenazas dirigidas a las autoridades locales, reflejando un patr\u00f3n de intimidaci\u00f3n que ha caracterizado otros episodios recientes en Rosario.<\/p>\n<p>Esta escalada de violencia ocurre en un contexto de agitaci\u00f3n narco sin precedentes en la ciudad, con cuatro asesinatos la semana anterior, incluyendo a dos taxistas, un colectivero y un playero. La situaci\u00f3n ha llevado al gobierno nacional a enviar fuerzas federales para enfrentar la creciente amenaza representada por sicarios vinculados, en su mayor\u00eda, con reclusos de alto perfil.<\/p><\/p>\n","protected":false},"excerpt":{"rendered":"<p>Este s\u00e1bado, en medio del despliegue de fuerzas federales en Rosario, se produjo un nuevo incidente de violencia que ha aumentado la preocupaci\u00f3n en la ciudad. Un individuo, acompa\u00f1ado por un c\u00f3mplice en moto, dispar\u00f3 contra el frente de un edificio en el barrio Echesortu, ubicado en Castellanos y Zeballos. El ataque, presenciado por varios &hellip;<\/p>\n","protected":false},"author":2,"featured_media":0,"comment_status":"open","ping_status":"open","sticky":false,"template":"","format":"standard","meta":{"advanced_seo_description":"","jetpack_seo_html_title":"","jetpack_seo_noindex":false,"_jetpack_memberships_contains_paid_content":false,"footnotes":"","jetpack_publicize_message":"","jetpack_publicize_feature_enabled":true,"jetpack_social_post_already_shared":false,"jetpack_social_options":{"image_generator_settings":{"template":"highway","default_image_id":0,"font":"","enabled":false},"version":2}},"categories":[6],"tags":[],"class_list":["post-3323","post","type-post","status-publish","format-standard","hentry","category-calle-angosta"],"jetpack_publicize_connections":[],"jetpack_featured_media_url":"","jetpack_sharing_enabled":true,"_links":{"self":[{"href":"https:\/\/calleangosta.com\/ca\/wp-json\/wp\/v2\/posts\/3323","targetHints":{"allow":["GET"]}}],"collection":[{"href":"https:\/\/calleangosta.com\/ca\/wp-json\/wp\/v2\/posts"}],"about":[{"href":"https:\/\/calleangosta.com\/ca\/wp-json\/wp\/v2\/types\/post"}],"author":[{"embeddable":true,"href":"https:\/\/calleangosta.com\/ca\/wp-json\/wp\/v2\/users\/2"}],"replies":[{"embeddable":true,"href":"https:\/\/calleangosta.com\/ca\/wp-json\/wp\/v2\/comments?post=3323"}],"version-history":[{"count":1,"href":"https:\/\/calleangosta.com\/ca\/wp-json\/wp\/v2\/posts\/3323\/revisions"}],"predecessor-version":[{"id":6082,"href":"https:\/\/calleangosta.com\/ca\/wp-json\/wp\/v2\/posts\/3323\/revisions\/6082"}],"wp:attachment":[{"href":"https:\/\/calleangosta.com\/ca\/wp-json\/wp\/v2\/media?parent=3323"}],"wp:term":[{"taxonomy":"category","embeddable":true,"href":"https:\/\/calleangosta.com\/ca\/wp-json\/wp\/v2\/categories?post=3323"},{"taxonomy":"post_tag","embeddable":true,"href":"https:\/\/calleangosta.com\/ca\/wp-json\/wp\/v2\/tags?post=3323"}],"curies":[{"name":"wp","href":"https:\/\/api.w.org\/{rel}","templated":true}]}}