{"id":3324,"date":"2024-12-03T10:31:49","date_gmt":"2024-12-03T13:31:49","guid":{"rendered":"https:\/\/calleangosta.com\/ca\/?p=3324"},"modified":"2024-12-03T10:32:08","modified_gmt":"2024-12-03T13:32:08","slug":"dengue-preocupante-el-aumento-de-casos","status":"publish","type":"post","link":"https:\/\/calleangosta.com\/ca\/dengue-preocupante-el-aumento-de-casos\/","title":{"rendered":"Dengue preocupante  el aumento de casos"},"content":{"rendered":"<p>En las \u00faltimas semanas, se ha registrado un preocupante aumento de casos de dengue en nuestra regi\u00f3n. Las autoridades sanitarias advierten sobre la importancia de tomar medidas preventivas para evitar la propagaci\u00f3n de esta enfermedad viral transmitida por mosquitos.<\/p>\n<p><!--more--><\/p>\n<p>Los s\u00edntomas del dengue pueden variar desde una fiebre leve hasta una forma grave de la enfermedad que puede ser potencialmente mortal. Los s\u00edntomas comunes incluyen fiebre, dolor de cabeza, dolor muscular y articular, n\u00e1useas, v\u00f3mitos, vision borrosa y erupci\u00f3n cut\u00e1nea. En casos graves, puede haber sangrado y complicaciones que afectan a \u00f3rganos vitales.<\/p>\n<p>Seg\u00fan el \u00faltimo informe epidemiol\u00f3gico, se ha observado un incremento significativo en el n\u00famero de personas afectadas por el dengue. Esta situaci\u00f3n requiere la colaboraci\u00f3n de toda la comunidad para eliminar los criaderos de mosquitos y reducir el riesgo de transmisi\u00f3n.<\/p>\n<p>Es fundamental mantener patios y jardines libres de recipientes que puedan acumular agua estancada, como neum\u00e1ticos, recipientes vac\u00edos y otros objetos que puedan servir como criaderos de mosquitos. Adem\u00e1s, se recomienda el uso de repelentes de insectos y mosquiteros en ventanas y puertas para evitar las picaduras.<\/p>\n<p>La prevenci\u00f3n es clave en la lucha contra el dengue. Tomemos conciencia y actuemos de manera responsable para proteger nuestra salud y la de nuestra comunidad.<\/p>\n","protected":false},"excerpt":{"rendered":"<p>En las \u00faltimas semanas, se ha registrado un preocupante aumento de casos de dengue en nuestra regi\u00f3n. Las autoridades sanitarias advierten sobre la importancia de tomar medidas preventivas para evitar la propagaci\u00f3n de esta enfermedad viral transmitida por mosquitos. Los s\u00edntomas del dengue pueden variar desde una fiebre leve hasta una forma grave de la &hellip;<\/p>\n","protected":false},"author":2,"featured_media":0,"comment_status":"open","ping_status":"open","sticky":false,"template":"","format":"standard","meta":{"advanced_seo_description":"","jetpack_seo_html_title":"","jetpack_seo_noindex":false,"_jetpack_memberships_contains_paid_content":false,"footnotes":"","jetpack_publicize_message":"","jetpack_publicize_feature_enabled":true,"jetpack_social_post_already_shared":false,"jetpack_social_options":{"image_generator_settings":{"template":"highway","default_image_id":0,"font":"","enabled":false},"version":2}},"categories":[6],"tags":[],"class_list":["post-3324","post","type-post","status-publish","format-standard","hentry","category-calle-angosta"],"jetpack_publicize_connections":[],"jetpack_featured_media_url":"","jetpack_sharing_enabled":true,"_links":{"self":[{"href":"https:\/\/calleangosta.com\/ca\/wp-json\/wp\/v2\/posts\/3324","targetHints":{"allow":["GET"]}}],"collection":[{"href":"https:\/\/calleangosta.com\/ca\/wp-json\/wp\/v2\/posts"}],"about":[{"href":"https:\/\/calleangosta.com\/ca\/wp-json\/wp\/v2\/types\/post"}],"author":[{"embeddable":true,"href":"https:\/\/calleangosta.com\/ca\/wp-json\/wp\/v2\/users\/2"}],"replies":[{"embeddable":true,"href":"https:\/\/calleangosta.com\/ca\/wp-json\/wp\/v2\/comments?post=3324"}],"version-history":[{"count":1,"href":"https:\/\/calleangosta.com\/ca\/wp-json\/wp\/v2\/posts\/3324\/revisions"}],"predecessor-version":[{"id":6081,"href":"https:\/\/calleangosta.com\/ca\/wp-json\/wp\/v2\/posts\/3324\/revisions\/6081"}],"wp:attachment":[{"href":"https:\/\/calleangosta.com\/ca\/wp-json\/wp\/v2\/media?parent=3324"}],"wp:term":[{"taxonomy":"category","embeddable":true,"href":"https:\/\/calleangosta.com\/ca\/wp-json\/wp\/v2\/categories?post=3324"},{"taxonomy":"post_tag","embeddable":true,"href":"https:\/\/calleangosta.com\/ca\/wp-json\/wp\/v2\/tags?post=3324"}],"curies":[{"name":"wp","href":"https:\/\/api.w.org\/{rel}","templated":true}]}}