{"id":3325,"date":"2024-12-03T10:31:49","date_gmt":"2024-12-03T13:31:49","guid":{"rendered":"https:\/\/calleangosta.com\/ca\/?p=3325"},"modified":"2024-12-03T10:32:08","modified_gmt":"2024-12-03T13:32:08","slug":"la-metamorfosis","status":"publish","type":"post","link":"https:\/\/calleangosta.com\/ca\/la-metamorfosis\/","title":{"rendered":"La Metamorfosis"},"content":{"rendered":"<p><span>\u00bfNo ven a Poggi con papada y medio despeinado, hablando de d\u00e9ficit cero, achicando el estado y haciendo alianzas con los sectores locales de la econom\u00eda concentrada? \u00bfNo lo notan autoritario y sordo ante el reclamo justo de las DOCENTES? \u00bfNo lo ven enojado y un poco intolerante a trav\u00e9s de la PRENSA CANALLA?<\/span><\/p>\n<p><!--more--><\/p>\n<p><span>\u00bfEst\u00e1 Poggi en plena transici\u00f3n? \u00bfEst\u00e1 repitiendo el modelo portuario del cual parece estar aprendiendo&#8230; premios y castigos para los intendentes y legisladores? <\/span><\/p>\n<p><span>Su transformaci\u00f3n empez\u00f3 en el 2015, con Macri, luego fue Larreta, luego Bullrich y hoy es Milei, quien le recort\u00f3 los montos de la COPARTICIPACI\u00d3N, y a\u00fan as\u00ed, Poggi pide que le voten el DNU y el paquete de leyes al presidente&#8230; <\/span><\/p>\n<p><span>Poggi cambi\u00f3, ya no es el contador Adolfista que saludaba y cantaba la marcha moviendo los labios disimuladamente, ya no es el mismo, no, se nos perdi\u00f3 en alg\u00fan momento de los d\u00edas anteriores y lo rescat\u00f3 una patrulla perdida del neoliberalismo porte\u00f1o, que lo contuvo y lo solt\u00f3 entre nosotros para que tome decisiones y vaya duro contra la CASTA&#8230; Y lo hace. Ya no hay obra p\u00fablica local ni nacional y tampoco PRODUCTORES vendiendo en la plaza de San Francisco, no s\u00e9 en el resto de las plazas. <\/span><\/p>\n<p><span>El TRUEQUE o Feria Latina de la avenida LAFINUR, crece d\u00eda a d\u00eda y hay r\u00e9plicas en otros lugares, porque la econom\u00eda popular se expande conjuntamente con la crisis de los trabajadores. \u00bfA qui\u00e9n le va bien? \u00bfA los CASTUDOS DE TERRAZAS? Quiz\u00e1s, o un grupo de medios que repiten el relato oficial como hac\u00edan los anteriores, con la pauta gorda y generosa&#8230; \u00a1As\u00ed, cualquiera! <\/span><\/p>\n<p><span>Mientras tanto, no se puede comprar MA\u00cdZ o alimentos balanceados para engordar pollos, pavos, patos o conejos. Tambi\u00e9n se puso imposible comprar alimentos para las mascotas, y muchos tiran los perros y gatos en las rutas cercanas a la ciudad&#8230; pobres animalitos, los agarr\u00f3 el ajuste. <\/span><\/p>\n<p><span>Se vienen los fr\u00edos y la ciudad atestada de yuyos y mosquitos, con basurales en cada esquina, parece una ciudad desconocida, ojal\u00e1 mejore, ojal\u00e1 todo mejore, pero, si el DNU y las leyes del presidente prosperan, no mejorar\u00e1n las cosas, y lo sabemos. <\/span><\/p>\n<p><span>Ojal\u00e1 comience a gestionar don Claudio y su equipo, que por ahora nos sale caro, de acuerdo a las expectativas generadas&#8230; <\/span><\/p>\n<p><span>Nos merecemos una mejora sustancial en la calidad de vida, porque est\u00e1bamos acostumbrados a vivir mejor con los que \u00abse robaban todo\u00bb, y de verdad, hoy no sabemos si despu\u00e9s de pagar la luz, el gas, los impuestos y servicios nos alcanzar\u00e1 para comer la semana siguiente&#8230; <\/span><\/p>\n<p><span>Lo \u00fanico que veo es que este gobierno nos juega en contra y a Claudio Poggi se le ve la enagua neoliberal y ajustadora cada vez m\u00e1s&#8230;\u00a0<\/span><\/p>\n","protected":false},"excerpt":{"rendered":"<p>\u00bfNo ven a Poggi con papada y medio despeinado, hablando de d\u00e9ficit cero, achicando el estado y haciendo alianzas con los sectores locales de la econom\u00eda concentrada? \u00bfNo lo notan autoritario y sordo ante el reclamo justo de las DOCENTES? \u00bfNo lo ven enojado y un poco intolerante a trav\u00e9s de la PRENSA CANALLA? \u00bfEst\u00e1 &hellip;<\/p>\n","protected":false},"author":2,"featured_media":0,"comment_status":"open","ping_status":"open","sticky":false,"template":"","format":"standard","meta":{"advanced_seo_description":"","jetpack_seo_html_title":"","jetpack_seo_noindex":false,"_jetpack_memberships_contains_paid_content":false,"footnotes":"","jetpack_publicize_message":"","jetpack_publicize_feature_enabled":true,"jetpack_social_post_already_shared":false,"jetpack_social_options":{"image_generator_settings":{"template":"highway","default_image_id":0,"font":"","enabled":false},"version":2}},"categories":[6],"tags":[],"class_list":["post-3325","post","type-post","status-publish","format-standard","hentry","category-calle-angosta"],"jetpack_publicize_connections":[],"jetpack_featured_media_url":"","jetpack_sharing_enabled":true,"_links":{"self":[{"href":"https:\/\/calleangosta.com\/ca\/wp-json\/wp\/v2\/posts\/3325","targetHints":{"allow":["GET"]}}],"collection":[{"href":"https:\/\/calleangosta.com\/ca\/wp-json\/wp\/v2\/posts"}],"about":[{"href":"https:\/\/calleangosta.com\/ca\/wp-json\/wp\/v2\/types\/post"}],"author":[{"embeddable":true,"href":"https:\/\/calleangosta.com\/ca\/wp-json\/wp\/v2\/users\/2"}],"replies":[{"embeddable":true,"href":"https:\/\/calleangosta.com\/ca\/wp-json\/wp\/v2\/comments?post=3325"}],"version-history":[{"count":1,"href":"https:\/\/calleangosta.com\/ca\/wp-json\/wp\/v2\/posts\/3325\/revisions"}],"predecessor-version":[{"id":6080,"href":"https:\/\/calleangosta.com\/ca\/wp-json\/wp\/v2\/posts\/3325\/revisions\/6080"}],"wp:attachment":[{"href":"https:\/\/calleangosta.com\/ca\/wp-json\/wp\/v2\/media?parent=3325"}],"wp:term":[{"taxonomy":"category","embeddable":true,"href":"https:\/\/calleangosta.com\/ca\/wp-json\/wp\/v2\/categories?post=3325"},{"taxonomy":"post_tag","embeddable":true,"href":"https:\/\/calleangosta.com\/ca\/wp-json\/wp\/v2\/tags?post=3325"}],"curies":[{"name":"wp","href":"https:\/\/api.w.org\/{rel}","templated":true}]}}