{"id":3326,"date":"2024-12-03T10:31:49","date_gmt":"2024-12-03T13:31:49","guid":{"rendered":"https:\/\/calleangosta.com\/ca\/?p=3326"},"modified":"2024-12-03T10:32:07","modified_gmt":"2024-12-03T13:32:07","slug":"hay-que-plantar-bandera","status":"publish","type":"post","link":"https:\/\/calleangosta.com\/ca\/hay-que-plantar-bandera\/","title":{"rendered":"Hay que plantar bandera"},"content":{"rendered":"<p>El echar la culpa a la gesti\u00f3n anterior puede ser una estrategia comunicacional para llegar al poder o para los primeros d\u00edas de gesti\u00f3n, pero a la larga, realidad se impone.\u00a0<\/p>\n<p><!--more--><\/p>\n<p>En un video que tuvo repercusi\u00f3n provincial (<a href=\"component\/k2\/24\/4741-docentes-lloraron-frente-a-poggi-nos-vemos-obligados-a-buscar-trabajos-extra.html\">Ver nota<\/a>) y nacional (<a href=\"https:\/\/www.lanacion.com.ar\/politica\/san-luis-docentes-lloraron-ante-el-gobernador-claudio-poggi-porque-se-consideran-trabajadores-pobres-nid15032024\/\">Ver nota LA NACI\u00d3N ac\u00e1<\/a>) Un grupo de docentes de la Escuela Ra\u00fal B. Diaz, de manera respetuosa y sensata, solicitaron al gobernador que se ocupara de la dif\u00edcil situaci\u00f3n econ\u00f3mica que viven como empleados p\u00fablicos provinciales. La particularidad radic\u00f3 en que no solo se refirieron a la situaci\u00f3n de los alumnos, sino del padecimiento de sus propios hijos.<\/p>\n<p>El intendente Frontera observaba desde el costado el reclamo, como asintiendo la preocupaci\u00f3n, pero a la vez no hizo m\u00e1s que acompa\u00f1ar la situaci\u00f3n. Es que se encuentra en una situaci\u00f3n compleja, como primer muro de contenci\u00f3n ante los reclamos de la comunidad y un mandato por delante con un contexto m\u00e1s complejo. La pol\u00edtica al menos no lo preocupa. El PJ est\u00e1 inmovilizado y en tanto, los opositores locales est\u00e1n preocupados en colocar familiares en el ejecutivo o en la legislatura provincial, tal como lo vimos en la novela de la AgroZal y el partido Todos Unidos. Por lo mismo disputan lugares el PRO, Sanluise\u00f1os por el Cambio y el radicalismo.<\/p>\n<p>La reconfiguraci\u00f3n del escenario provincial no termina de darse. Por el lado del oficialismo nacional, solo el Diputado Nacional D\u2019alessandro suele hablar en contadas ocasiones (siempre v\u00eda telef\u00f3nica desde Bs As) del resto ni noticias, excepto algunas judiciales que salpican a la Diputada Nacional del PRO, la mercedina Bachey.<\/p>\n<p>P\u00e1rrafo aparte para el convidado de piedra Rodolfo Negri, qui\u00e9n nos recuerda al \u201cmarido de pampita\u201d por intentar explicar en car\u00e1cter de qu\u00e9 se arroga la representatividad de una Senadora Nacional a la que no se le conoce la voz. En tanto, los representantes del peronismo en las legislaturas nacionales, supuestos adalides del Saaismo albertista\u00a0 no se animan o no pretenden retomar la conducci\u00f3n del PJ provincial, lo que deriva en una inmovilizaci\u00f3n evidente.<\/p>\n<p>Volviendo al primer mandatario provincial, creemos que lo sucedido en la escuela deber\u00eda motivar al gobernador a cambiar el chip de campa\u00f1a por el de gesti\u00f3n.\u00a0Recordemos que algo relevante del modelo pol\u00edtico que gobern\u00f3 la provincia los \u00faltimos a\u00f1os fue plantar la bandera de San Luis ante la naci\u00f3n y siempre defenderla de los ataques. Hoy la provincia parece casi arrodillada a un presidente que manifest\u00f3 la intenci\u00f3n de \u201cmear\u201d a los gobernadores. El pueblo sanluise\u00f1o no se merece esto.<\/p>\n","protected":false},"excerpt":{"rendered":"<p>El echar la culpa a la gesti\u00f3n anterior puede ser una estrategia comunicacional para llegar al poder o para los primeros d\u00edas de gesti\u00f3n, pero a la larga, realidad se impone.\u00a0 En un video que tuvo repercusi\u00f3n provincial (Ver nota) y nacional (Ver nota LA NACI\u00d3N ac\u00e1) Un grupo de docentes de la Escuela Ra\u00fal &hellip;<\/p>\n","protected":false},"author":2,"featured_media":0,"comment_status":"open","ping_status":"open","sticky":false,"template":"","format":"standard","meta":{"advanced_seo_description":"","jetpack_seo_html_title":"","jetpack_seo_noindex":false,"_jetpack_memberships_contains_paid_content":false,"footnotes":"","jetpack_publicize_message":"","jetpack_publicize_feature_enabled":true,"jetpack_social_post_already_shared":false,"jetpack_social_options":{"image_generator_settings":{"template":"highway","default_image_id":0,"font":"","enabled":false},"version":2}},"categories":[6],"tags":[],"class_list":["post-3326","post","type-post","status-publish","format-standard","hentry","category-calle-angosta"],"jetpack_publicize_connections":[],"jetpack_featured_media_url":"","jetpack_sharing_enabled":true,"_links":{"self":[{"href":"https:\/\/calleangosta.com\/ca\/wp-json\/wp\/v2\/posts\/3326","targetHints":{"allow":["GET"]}}],"collection":[{"href":"https:\/\/calleangosta.com\/ca\/wp-json\/wp\/v2\/posts"}],"about":[{"href":"https:\/\/calleangosta.com\/ca\/wp-json\/wp\/v2\/types\/post"}],"author":[{"embeddable":true,"href":"https:\/\/calleangosta.com\/ca\/wp-json\/wp\/v2\/users\/2"}],"replies":[{"embeddable":true,"href":"https:\/\/calleangosta.com\/ca\/wp-json\/wp\/v2\/comments?post=3326"}],"version-history":[{"count":1,"href":"https:\/\/calleangosta.com\/ca\/wp-json\/wp\/v2\/posts\/3326\/revisions"}],"predecessor-version":[{"id":6079,"href":"https:\/\/calleangosta.com\/ca\/wp-json\/wp\/v2\/posts\/3326\/revisions\/6079"}],"wp:attachment":[{"href":"https:\/\/calleangosta.com\/ca\/wp-json\/wp\/v2\/media?parent=3326"}],"wp:term":[{"taxonomy":"category","embeddable":true,"href":"https:\/\/calleangosta.com\/ca\/wp-json\/wp\/v2\/categories?post=3326"},{"taxonomy":"post_tag","embeddable":true,"href":"https:\/\/calleangosta.com\/ca\/wp-json\/wp\/v2\/tags?post=3326"}],"curies":[{"name":"wp","href":"https:\/\/api.w.org\/{rel}","templated":true}]}}