{"id":3327,"date":"2024-12-03T10:31:48","date_gmt":"2024-12-03T13:31:48","guid":{"rendered":"https:\/\/calleangosta.com\/ca\/?p=3327"},"modified":"2024-12-03T10:32:07","modified_gmt":"2024-12-03T13:32:07","slug":"utep-y-organizaciones-de-izquierda-convocan-a-gran-movilizacion-por-escasez-de-alimentos-en-comedores-y-merenderos","status":"publish","type":"post","link":"https:\/\/calleangosta.com\/ca\/utep-y-organizaciones-de-izquierda-convocan-a-gran-movilizacion-por-escasez-de-alimentos-en-comedores-y-merenderos\/","title":{"rendered":"UTEP y Organizaciones de Izquierda convocan a gran movilizaci\u00f3n por escasez de alimentos en comedores y merenderos"},"content":{"rendered":"<p>Este lunes, la Uni\u00f3n Trabajadores de la Econom\u00eda Popular (UTEP) y diversas organizaciones de izquierda llevar\u00e1n a cabo un extenso despliegue de protestas en todo el pa\u00eds, con un enfoque particular en la Ciudad de Buenos Aires.<\/p>\n<p><!--more--><\/p>\n<p>Se prev\u00e9 que esta movilizaci\u00f3n, que contempla m\u00e1s de 500 cortes y manifestaciones, abarque las 23 provincias argentinas y la Ciudad Aut\u00f3noma de Buenos Aires.<\/p>\n<p>El principal motivo de esta masiva movilizaci\u00f3n es la falta de alimentos destinados a comedores y merenderos, una situaci\u00f3n que ha generado preocupaci\u00f3n y urgencia entre los sectores m\u00e1s vulnerables de la sociedad. La UTEP y las organizaciones de izquierda han hecho un llamado al gobierno nacional para que tome medidas inmediatas y efectivas para abordar esta crisis alimentaria.<\/p>\n<p>La escasez de alimentos en los comedores y merenderos ha alcanzado niveles alarmantes, afectando gravemente a miles de familias que dependen de estos recursos para satisfacer sus necesidades b\u00e1sicas. Ante esta situaci\u00f3n, la UTEP y las organizaciones de izquierda han decidido tomar acciones contundentes para visibilizar esta problem\u00e1tica y exigir soluciones concretas por parte de las autoridades.<\/p>\n<p>La movilizaci\u00f3n de este lunes busca poner en primer plano la urgencia de garantizar el acceso a alimentos nutritivos y suficientes para todas las personas que se encuentran en situaci\u00f3n de vulnerabilidad. Se espera que la protesta sea un llamado de atenci\u00f3n al gobierno nacional para que priorice esta cuesti\u00f3n y tome medidas concretas para abordarla de manera efectiva.<\/p>\n","protected":false},"excerpt":{"rendered":"<p>Este lunes, la Uni\u00f3n Trabajadores de la Econom\u00eda Popular (UTEP) y diversas organizaciones de izquierda llevar\u00e1n a cabo un extenso despliegue de protestas en todo el pa\u00eds, con un enfoque particular en la Ciudad de Buenos Aires. Se prev\u00e9 que esta movilizaci\u00f3n, que contempla m\u00e1s de 500 cortes y manifestaciones, abarque las 23 provincias argentinas &hellip;<\/p>\n","protected":false},"author":2,"featured_media":0,"comment_status":"open","ping_status":"open","sticky":false,"template":"","format":"standard","meta":{"advanced_seo_description":"","jetpack_seo_html_title":"","jetpack_seo_noindex":false,"_jetpack_memberships_contains_paid_content":false,"footnotes":"","jetpack_publicize_message":"","jetpack_publicize_feature_enabled":true,"jetpack_social_post_already_shared":false,"jetpack_social_options":{"image_generator_settings":{"template":"highway","default_image_id":0,"font":"","enabled":false},"version":2}},"categories":[6],"tags":[],"class_list":["post-3327","post","type-post","status-publish","format-standard","hentry","category-calle-angosta"],"jetpack_publicize_connections":[],"jetpack_featured_media_url":"","jetpack_sharing_enabled":true,"_links":{"self":[{"href":"https:\/\/calleangosta.com\/ca\/wp-json\/wp\/v2\/posts\/3327","targetHints":{"allow":["GET"]}}],"collection":[{"href":"https:\/\/calleangosta.com\/ca\/wp-json\/wp\/v2\/posts"}],"about":[{"href":"https:\/\/calleangosta.com\/ca\/wp-json\/wp\/v2\/types\/post"}],"author":[{"embeddable":true,"href":"https:\/\/calleangosta.com\/ca\/wp-json\/wp\/v2\/users\/2"}],"replies":[{"embeddable":true,"href":"https:\/\/calleangosta.com\/ca\/wp-json\/wp\/v2\/comments?post=3327"}],"version-history":[{"count":1,"href":"https:\/\/calleangosta.com\/ca\/wp-json\/wp\/v2\/posts\/3327\/revisions"}],"predecessor-version":[{"id":6078,"href":"https:\/\/calleangosta.com\/ca\/wp-json\/wp\/v2\/posts\/3327\/revisions\/6078"}],"wp:attachment":[{"href":"https:\/\/calleangosta.com\/ca\/wp-json\/wp\/v2\/media?parent=3327"}],"wp:term":[{"taxonomy":"category","embeddable":true,"href":"https:\/\/calleangosta.com\/ca\/wp-json\/wp\/v2\/categories?post=3327"},{"taxonomy":"post_tag","embeddable":true,"href":"https:\/\/calleangosta.com\/ca\/wp-json\/wp\/v2\/tags?post=3327"}],"curies":[{"name":"wp","href":"https:\/\/api.w.org\/{rel}","templated":true}]}}